{"id":38456,"date":"2019-01-02T12:46:08","date_gmt":"2019-01-02T15:46:08","guid":{"rendered":"https:\/\/www.actualidadadiario.com\/?p=38456"},"modified":"2019-01-02T12:46:08","modified_gmt":"2019-01-02T15:46:08","slug":"estos-son-los-feriados-de-2019-un-ano-de-8-findes-largos","status":"publish","type":"post","link":"https:\/\/www.actualidadadiario.com\/index.php\/2019\/01\/02\/estos-son-los-feriados-de-2019-un-ano-de-8-findes-largos\/","title":{"rendered":"Estos son los feriados de 2019, un a\u00f1o de 8 findes largos"},"content":{"rendered":"<p><em><strong>El Ministerio del Interior anunci\u00f3 el cronograma de celebraciones hist\u00f3ricas y religiosas para el nuevo a\u00f1o<\/strong><\/em><\/p>\n<p>&nbsp;<\/p>\n<p>&nbsp;<\/p>\n<p>&nbsp;<\/p>\n<p>El Ministerio del Interior confirm\u00f3 el listado de feriados para este nuevo a\u00f1o. Ser\u00e1n 12 feriados inamovibles, por carnaval, celebraciones de acontecimientos hist\u00f3ricos y fiestas religiosas, m\u00e1s cuatro que se trasladan para alcanzar 8 fines de semana largos, con la intenci\u00f3n de potenciar el turismo.<\/p>\n<p>&nbsp;<\/p>\n<p>De acuerdo al detalle confirmado por las autoridades nacionales, ser\u00e1n d\u00edas no laborables con fines tur\u00edsticos los lunes 8 de julio, 19 de agosto y 14 de octubre. El D\u00eda de la Soberan\u00eda Nacional se adelanta del mi\u00e9rcoles 20 al lunes 18 de noviembre.<\/p>\n<p>&nbsp;<\/p>\n<p>El primer trimestre. Los feriados que no se mueven son el 1 de enero, A\u00f1o nuevo; el 4 y 5 de marzo por Carnaval y el 24 del mismo mes por el D\u00eda Nacional de la Memoria por la Verdad y Justicia. En abril, son feriados el 2, que es inamovible y se recuerda el D\u00eda del Veterano y de los Ca\u00eddos en la Guerra de Malvinas.<\/p>\n<p>&nbsp;<\/p>\n<p>El 18 de abril es Jueves Santo, d\u00eda no laborable y el 19, Viernes Santo, es feriado inamovible. Tambi\u00e9n los d\u00edas 19, 20, 21, 25, 26 y 27 de abril son las Pascuas Jud\u00edas y se consideran \u201cNo laborable\u201d, s\u00f3lo para habitantes que profesen la religi\u00f3n jud\u00eda. El 24 de abril es el D\u00eda de Acci\u00f3n por la tolerancia y el respeto entre los pueblos, en conmemoraci\u00f3n del genocidio armenio, no laborable para empleados y funcionarios de organismos p\u00fablicos y alumnos de origen armenio.<\/p>\n<p>&nbsp;<\/p>\n<p>En mayo, los dos feriados son inamovibles, el 1 por el D\u00eda del trabajador y el 25, por la conmemoraci\u00f3n de la Revoluci\u00f3n de Mayo. Los feriados de junio comienzan el d\u00eda 4, con la fiesta de la Ruptura del Ayuno del Sagrado Mes de Ramad\u00e1n, que es no laborable s\u00f3lo para habitantes que profesen la religi\u00f3n isl\u00e1mica. Luego, el 17 se conmemora el Paso a la Inmortalidad del General Mart\u00edn Miguel de G\u00fcemes y el 20, el Paso a la Inmortalidad del General Manuel Belgrano.<\/p>\n<p>&nbsp;<\/p>\n<p>En julio hay un nuevo fin de semana largo, que incluye al 8, como d\u00eda no laboral con fines tur\u00edsticos y al 9, que se conmemora el D\u00eda de la Independencia. Los d\u00edas no laborables de agosto son el 11, que es la Fiesta del Sacrificio, s\u00f3lo para habitantes que profesen la religi\u00f3n isl\u00e1mica, el 17, Paso a la Inmortalidad del Gral. Jos\u00e9 de San Mart\u00edn, el 19, D\u00eda no laboral con fines tur\u00edsticos y el 31, A\u00f1o Nuevo Isl\u00e1mico, un d\u00eda no laborable s\u00f3lo para habitantes que profesen esa religi\u00f3n.<\/p>\n<p>&nbsp;<\/p>\n<p>En septiembre, s\u00f3lo los \u00faltimos dos d\u00edas, el 29 y el 30 es no laborable para quienes profesen la religi\u00f3n jud\u00eda, ya que se celebra el A\u00f1o nuevo Jud\u00edo, que se extiende tambi\u00e9n al 1 de octubre (Rosh Hashan\u00e1). Los d\u00edas 8 y 9 de este mes, es Iom Kipur, d\u00eda del perd\u00f3n, no laborable para habitantes que profesen la religi\u00f3n jud\u00eda. El 12 es el d\u00eda del Respeto a la Diversidad Cultural y se le agrega el 14, d\u00eda no laborable con fines tur\u00edsticos.<\/p>\n<p>&nbsp;<\/p>\n<p>En noviembre, el 20, D\u00eda de la Soberan\u00eda Nacional, se adelanta al 18 y es el \u00faltimo fin de semana largo del a\u00f1o. Finalmente en diciembre, el 8 se celebra el d\u00eda de la Inmaculada Concepci\u00f3n de Mar\u00eda, que cae domingo y es uno de los feriados inamovibles. Luego el 25 por navidad y el 31 por fin de a\u00f1o, tambi\u00e9n son feriados inamovibles.<\/p>\n","protected":false},"excerpt":{"rendered":"<p>El Ministerio del Interior anunci\u00f3 el cronograma de celebraciones hist\u00f3ricas y religiosas para el nuevo a\u00f1o &nbsp; &nbsp; &nbsp; El Ministerio del Interior confirm\u00f3 el listado de feriados para este nuevo a\u00f1o. Ser\u00e1n 12 feriados inamovibles, por carnaval, celebraciones de acontecimientos hist\u00f3ricos y fiestas religiosas, m\u00e1s cuatro que se trasladan para alcanzar 8 fines de semana largos, con la intenci\u00f3n de potenciar el turismo. &nbsp; De acuerdo al detalle confirmado por las autoridades nacionales, ser\u00e1n d\u00edas no laborables con fines tur\u00edsticos los lunes 8 de julio, 19 de agosto y&#8230;<\/p>\n","protected":false},"author":3,"featured_media":38457,"comment_status":"closed","ping_status":"closed","sticky":false,"template":"","format":"standard","meta":[],"categories":[9],"tags":[],"_links":{"self":[{"href":"https:\/\/www.actualidadadiario.com\/index.php\/wp-json\/wp\/v2\/posts\/38456"}],"collection":[{"href":"https:\/\/www.actualidadadiario.com\/index.php\/wp-json\/wp\/v2\/posts"}],"about":[{"href":"https:\/\/www.actualidadadiario.com\/index.php\/wp-json\/wp\/v2\/types\/post"}],"author":[{"embeddable":true,"href":"https:\/\/www.actualidadadiario.com\/index.php\/wp-json\/wp\/v2\/users\/3"}],"replies":[{"embeddable":true,"href":"https:\/\/www.actualidadadiario.com\/index.php\/wp-json\/wp\/v2\/comments?post=38456"}],"version-history":[{"count":1,"href":"https:\/\/www.actualidadadiario.com\/index.php\/wp-json\/wp\/v2\/posts\/38456\/revisions"}],"predecessor-version":[{"id":38458,"href":"https:\/\/www.actualidadadiario.com\/index.php\/wp-json\/wp\/v2\/posts\/38456\/revisions\/38458"}],"wp:featuredmedia":[{"embeddable":true,"href":"https:\/\/www.actualidadadiario.com\/index.php\/wp-json\/wp\/v2\/media\/38457"}],"wp:attachment":[{"href":"https:\/\/www.actualidadadiario.com\/index.php\/wp-json\/wp\/v2\/media?parent=38456"}],"wp:term":[{"taxonomy":"category","embeddable":true,"href":"https:\/\/www.actualidadadiario.com\/index.php\/wp-json\/wp\/v2\/categories?post=38456"},{"taxonomy":"post_tag","embeddable":true,"href":"https:\/\/www.actualidadadiario.com\/index.php\/wp-json\/wp\/v2\/tags?post=38456"}],"curies":[{"name":"wp","href":"https:\/\/api.w.org\/{rel}","templated":true}]}}