{"id":38451,"date":"2019-01-02T12:44:52","date_gmt":"2019-01-02T15:44:52","guid":{"rendered":"https:\/\/www.actualidadadiario.com\/?p=38451"},"modified":"2019-01-02T12:44:52","modified_gmt":"2019-01-02T15:44:52","slug":"afip-publica-la-recaudacion-del-2018-que-terminara-con-caida-en-terminos-reales","status":"publish","type":"post","link":"https:\/\/www.actualidadadiario.com\/index.php\/2019\/01\/02\/afip-publica-la-recaudacion-del-2018-que-terminara-con-caida-en-terminos-reales\/","title":{"rendered":"Afip publica la recaudaci\u00f3n del 2018, que terminar\u00e1 con ca\u00edda en t\u00e9rminos reales"},"content":{"rendered":"<p><em><strong>Cada primer d\u00eda h\u00e1bil, Afip publica el dato de recaudaci\u00f3n tributaria y hoy le toca a la de diciembre. En el \u00faltimo mes del a\u00f1o se repetir\u00eda el desempe\u00f1o negativo, en continuidad con un noviembre que dio ca\u00edda de 10% real. Hacia adelante el problema no es menor, ya que el Gobierno apunta a alcanzar un d\u00e9ficit primario de 0% durante el 2019. As\u00ed, el 2018 terminar\u00e1 con una fuerte contracci\u00f3n real de los ingresos. Si la recaudaci\u00f3n sigue mostrando una merma en l\u00ednea con el desplome de la actividad, la meta se complicar\u00e1 y exigir\u00e1 nuevos ajustes<\/strong><\/em><\/p>\n<p>&nbsp;<\/p>\n<p>&nbsp;<\/p>\n<p>&nbsp;<\/p>\n<p>&nbsp;<\/p>\n<p>As\u00ed, el propio ajuste fiscal, que afecta a los gastos primarios, que en 2018 acumularon una ca\u00edda de 16% en t\u00e9rminos reales, impacta sobre el nivel de actividad econ\u00f3mica y complica el cierre del d\u00e9ficit. Un informe publicado por el Instituto de Trabajo y Econom\u00eda de la Fundaci\u00f3n Germ\u00e1n Abdala (ITE-FGA) sostuvo: &#8220;Los ingresos ordinarios (impuestos nacionales) pierden participaci\u00f3n por el ajuste fiscal y monetario y el d\u00e9ficit cero parece ser impulsado por los recursos extraordinarios (rentas de la propiedad y retenciones)&#8221;.<\/p>\n<p>&nbsp;<\/p>\n<p>Y agreg\u00f3: &#8220;El gasto p\u00fablico y los ingresos extraordinarios pasan a hacer un doble esfuerzo para compensar la din\u00e1mica negativa de la recaudaci\u00f3n tributaria. Era previsible que el programa de ajuste fuera apagando el motor de la recaudaci\u00f3n y comienzan a encenderse luces de alarma sobre el circulo vicioso del ajuste fiscal, que lejos de equilibrar las cuentas p\u00fablicas termina por agravar el d\u00e9ficit a la vez que extiende y profundiza la recesi\u00f3n&#8221;.<\/p>\n<p>&nbsp;<\/p>\n<p>Coincidi\u00f3 el director de la consultora Epyca, Mart\u00edn Kalos: &#8220;Yo creo que el Gobierno se va a acercar al equilibrio primario pero no lo va a alcanzar, justamente por la menor suba de recaudaci\u00f3n&#8221;. El fen\u00f3meno ya es conocido y mostr\u00f3 su vigencia durante el 2016, a\u00f1o en el que el ajuste del gasto se combin\u00f3 con un crecimiento del d\u00e9ficit. El director de LCG, Guido Lorenzo, sostuvo: &#8220;Si hay menores recursos tributarios, ser\u00e1 m\u00e1s dif\u00edcil de cumplir la meta de d\u00e9ficit cero. Se har\u00e1 m\u00e1s costoso porque habr\u00e1 que ajustar m\u00e1s fiscalmente y se puede entrar en un espiral&#8221;.<\/p>\n<p>&nbsp;<\/p>\n<p>En su \u00faltima aparici\u00f3n p\u00fablica, el director de Afip, Leandro Cuccioli, reconoci\u00f3 que el \u00e9xito de los planes de pago de la agencia recaudatoria demuestra que &#8220;muchos contribuyentes, queriendo cumplir, no pueden hacerlo&#8221;. Pero previ\u00f3 un buen desempe\u00f1o del IVA de diciembre, es decir el que se publicar\u00e1 hoy. Y sostuvo, hacia adelante, que el dato de febrero depender\u00eda de las ventas por las fiestas (finalmente CAME inform\u00f3 ca\u00edda de 9% en las ventas minoristas de navidad y 9,9% en la totalidad de diciembre), mientras que para el segundo trimestre ya proyecta subas en t\u00e9rminos reales para la recaudaci\u00f3n tributaria.<\/p>\n","protected":false},"excerpt":{"rendered":"<p>Cada primer d\u00eda h\u00e1bil, Afip publica el dato de recaudaci\u00f3n tributaria y hoy le toca a la de diciembre. En el \u00faltimo mes del a\u00f1o se repetir\u00eda el desempe\u00f1o negativo, en continuidad con un noviembre que dio ca\u00edda de 10% real. Hacia adelante el problema no es menor, ya que el Gobierno apunta a alcanzar un d\u00e9ficit primario de 0% durante el 2019. As\u00ed, el 2018 terminar\u00e1 con una fuerte contracci\u00f3n real de los ingresos. Si la recaudaci\u00f3n sigue mostrando una merma en l\u00ednea con el desplome de la actividad,&#8230;<\/p>\n","protected":false},"author":3,"featured_media":38370,"comment_status":"closed","ping_status":"closed","sticky":false,"template":"","format":"standard","meta":[],"categories":[2],"tags":[],"_links":{"self":[{"href":"https:\/\/www.actualidadadiario.com\/index.php\/wp-json\/wp\/v2\/posts\/38451"}],"collection":[{"href":"https:\/\/www.actualidadadiario.com\/index.php\/wp-json\/wp\/v2\/posts"}],"about":[{"href":"https:\/\/www.actualidadadiario.com\/index.php\/wp-json\/wp\/v2\/types\/post"}],"author":[{"embeddable":true,"href":"https:\/\/www.actualidadadiario.com\/index.php\/wp-json\/wp\/v2\/users\/3"}],"replies":[{"embeddable":true,"href":"https:\/\/www.actualidadadiario.com\/index.php\/wp-json\/wp\/v2\/comments?post=38451"}],"version-history":[{"count":1,"href":"https:\/\/www.actualidadadiario.com\/index.php\/wp-json\/wp\/v2\/posts\/38451\/revisions"}],"predecessor-version":[{"id":38452,"href":"https:\/\/www.actualidadadiario.com\/index.php\/wp-json\/wp\/v2\/posts\/38451\/revisions\/38452"}],"wp:featuredmedia":[{"embeddable":true,"href":"https:\/\/www.actualidadadiario.com\/index.php\/wp-json\/wp\/v2\/media\/38370"}],"wp:attachment":[{"href":"https:\/\/www.actualidadadiario.com\/index.php\/wp-json\/wp\/v2\/media?parent=38451"}],"wp:term":[{"taxonomy":"category","embeddable":true,"href":"https:\/\/www.actualidadadiario.com\/index.php\/wp-json\/wp\/v2\/categories?post=38451"},{"taxonomy":"post_tag","embeddable":true,"href":"https:\/\/www.actualidadadiario.com\/index.php\/wp-json\/wp\/v2\/tags?post=38451"}],"curies":[{"name":"wp","href":"https:\/\/api.w.org\/{rel}","templated":true}]}}