{"id":3845,"date":"2016-11-03T09:57:38","date_gmt":"2016-11-03T12:57:38","guid":{"rendered":"http:\/\/actualidadadiario.com\/site\/?p=3845"},"modified":"2016-11-03T09:57:38","modified_gmt":"2016-11-03T12:57:38","slug":"la-afa-pidio-rever-la-sancion-a-bolivia-que-deja-a-la-argentina-fuera-del-mundial","status":"publish","type":"post","link":"https:\/\/www.actualidadadiario.com\/index.php\/2016\/11\/03\/la-afa-pidio-rever-la-sancion-a-bolivia-que-deja-a-la-argentina-fuera-del-mundial\/","title":{"rendered":"La AFA pidi\u00f3 rever la sanci\u00f3n a Bolivia que deja a la Argentina fuera del Mundial"},"content":{"rendered":"<p><em><strong>Mientras desde la Comisi\u00f3n Regularizadora no anticiparon las consecuencias que pod\u00eda generar el reclamo en contra de la Federaci\u00f3n Boliviana, ahora Armando P\u00e9rez les pide a la FIFA y la Conmebol que revisen el fallo, teniendo en cuenta que no se respetaron los plazos previstos para estos casos<\/strong><\/em><\/p>\n<p>&nbsp;<\/p>\n<p>&nbsp;<\/p>\n<p>&nbsp;<\/p>\n<p>En medio de la crisis que transita el f\u00fatbol argentino, y con la Selecci\u00f3n argentina tecleando en las Eliminatorias, ahora apareci\u00f3 un fallo en contra de Bolivia, por mala inclusi\u00f3n, que le dio los puntos suficientes a Chile para que desplace al equipo nacional fuera de la zona de repechaje.<\/p>\n<p>&nbsp;<\/p>\n<p>Mientras las federaciones hac\u00edan sus reclamos contra su par boliviana, para solicitar los puntos, los dirigentes argentinos hac\u00edan la plancha, pero ahora parece que se \u2018despertaron\u2019, y desde la Comisi\u00f3n Regularizadora enviaron un pedido a la FIFA y a la Conmebol para rever el asunto.<\/p>\n<p>&nbsp;<\/p>\n<p>El propio presidente del Comit\u00e9 Normalizador, Armando P\u00e9rez, firm\u00f3 la carta dirigida hacia Gianni Infantino y Alejandro Dom\u00ednguez, en donde les pidi\u00f3 que revisen el fallo, aval\u00e1ndose en que en el reclamo contra Bolivia, no se respetaron los plazos previstos en el Art\u00edculo 15, apartados 1, 3 y 8 del Reglamento de la Copa Mundial de la FIFA Rusia 2018.<\/p>\n<p>&nbsp;<\/p>\n<p>\u201cSolicitamos que se revise si las presentaciones de las Federaciones Peruanas y Chilenas de F\u00fatbol han cumplido efectivamente con los plazos\u201d, dice parte de la carta emitida este mi\u00e9rcoles desde la AFA, con destino hacia la FIFA.<\/p>\n<p>&nbsp;<\/p>\n<p>En la misiva, adem\u00e1s, P\u00e9rez reprodujo los argumentos de la dirigencia boliviana, que especifican que \u201ctanto Per\u00fa como Chile ten\u00edan una hora para hacer su impugnaci\u00f3n ante el comisario deportivo y 24 horas para entregar la documentaci\u00f3n\u201d, a la vez que exigi\u00f3 que si el reclamo no fue realizado a t\u00e9rmino, se respeten \u201clos resultados dados en el campo de juego\u201d.<\/p>\n","protected":false},"excerpt":{"rendered":"<p>Mientras desde la Comisi\u00f3n Regularizadora no anticiparon las consecuencias que pod\u00eda generar el reclamo en contra de la Federaci\u00f3n Boliviana, ahora Armando P\u00e9rez les pide a la FIFA y la Conmebol que revisen el fallo, teniendo en cuenta que no se respetaron los plazos previstos para estos casos &nbsp; &nbsp; &nbsp; En medio de la crisis que transita el f\u00fatbol argentino, y con la Selecci\u00f3n argentina tecleando en las Eliminatorias, ahora apareci\u00f3 un fallo en contra de Bolivia, por mala inclusi\u00f3n, que le dio los puntos suficientes a Chile para&#8230;<\/p>\n","protected":false},"author":3,"featured_media":3846,"comment_status":"closed","ping_status":"closed","sticky":false,"template":"","format":"standard","meta":[],"categories":[4],"tags":[],"_links":{"self":[{"href":"https:\/\/www.actualidadadiario.com\/index.php\/wp-json\/wp\/v2\/posts\/3845"}],"collection":[{"href":"https:\/\/www.actualidadadiario.com\/index.php\/wp-json\/wp\/v2\/posts"}],"about":[{"href":"https:\/\/www.actualidadadiario.com\/index.php\/wp-json\/wp\/v2\/types\/post"}],"author":[{"embeddable":true,"href":"https:\/\/www.actualidadadiario.com\/index.php\/wp-json\/wp\/v2\/users\/3"}],"replies":[{"embeddable":true,"href":"https:\/\/www.actualidadadiario.com\/index.php\/wp-json\/wp\/v2\/comments?post=3845"}],"version-history":[{"count":1,"href":"https:\/\/www.actualidadadiario.com\/index.php\/wp-json\/wp\/v2\/posts\/3845\/revisions"}],"predecessor-version":[{"id":3847,"href":"https:\/\/www.actualidadadiario.com\/index.php\/wp-json\/wp\/v2\/posts\/3845\/revisions\/3847"}],"wp:featuredmedia":[{"embeddable":true,"href":"https:\/\/www.actualidadadiario.com\/index.php\/wp-json\/wp\/v2\/media\/3846"}],"wp:attachment":[{"href":"https:\/\/www.actualidadadiario.com\/index.php\/wp-json\/wp\/v2\/media?parent=3845"}],"wp:term":[{"taxonomy":"category","embeddable":true,"href":"https:\/\/www.actualidadadiario.com\/index.php\/wp-json\/wp\/v2\/categories?post=3845"},{"taxonomy":"post_tag","embeddable":true,"href":"https:\/\/www.actualidadadiario.com\/index.php\/wp-json\/wp\/v2\/tags?post=3845"}],"curies":[{"name":"wp","href":"https:\/\/api.w.org\/{rel}","templated":true}]}}