{"id":38443,"date":"2019-01-02T12:42:45","date_gmt":"2019-01-02T15:42:45","guid":{"rendered":"https:\/\/www.actualidadadiario.com\/?p=38443"},"modified":"2019-01-02T12:42:45","modified_gmt":"2019-01-02T15:42:45","slug":"ventas-minoristas-cayeron-69-en-2018","status":"publish","type":"post","link":"https:\/\/www.actualidadadiario.com\/index.php\/2019\/01\/02\/ventas-minoristas-cayeron-69-en-2018\/","title":{"rendered":"Ventas minoristas cayeron 6,9% en 2018"},"content":{"rendered":"<p><em><strong>Las cantidades vendidas por los comercios minoristas bajaron 9,9% en diciembre frente a igual mes de 2017<\/strong><\/em><\/p>\n<p>&nbsp;<\/p>\n<p>&nbsp;<\/p>\n<p>&nbsp;<\/p>\n<p>Las cantidades vendidas por los comercios minoristas bajaron 9,9% en diciembre frente a igual mes de 2017 y acumularon una retracci\u00f3n anual de 6,9%, seg\u00fan un relevamiento de la Confederaci\u00f3n de la Mediana Empresa (Came).<\/p>\n<p>&nbsp;<\/p>\n<p>En el mes, las ventas online subieron 3,1% mientras que las realizadas en locales tradicionales descendieron 11,2%.<\/p>\n<p>&nbsp;<\/p>\n<p>As\u00ed las ventas en locales f\u00edsicos tradicionales tuvieron una declive del 11,2% anual con todos los grandes rubros relevados en descenso. Mientras que en la modalidad online, la comercializaci\u00f3n se increment\u00f3 en un 3,1%, con 13 ramos en alza y dos sin cambios.<\/p>\n<p>&nbsp;<\/p>\n<p>Came destac\u00f3 que el comercio electr\u00f3nico apenas representa todav\u00eda el 8% del despacho minorista total en los sectores relevados, por lo que no alcanz\u00f3 a compensar la reducci\u00f3n.<\/p>\n<p>&nbsp;<\/p>\n<p>&#8220;Diciembre fue un periodo de venta lenta pero constante, con el flujo m\u00e1s masivo concentrado en la semana previa a la navidad. Si bien esta celebraci\u00f3n no fue la mejor, sirvi\u00f3 para levantar la actividad del mes. Aunque este a\u00f1o, el consumo de bienes en esa fecha compiti\u00f3 fuerte con el de servicios y se sinti\u00f3&#8221;, sostuvo el informe.<\/p>\n<p>&nbsp;<\/p>\n<p>En ese per\u00edodo, el 72,1% de los negocios f\u00edsicos consultados tuvieron bajas anuales en sus ventas, en cambio 23,3% crecieron (8,9% en noviembre) y el 4,6% se mantuvo sin cambios.<\/p>\n<p>&nbsp;<\/p>\n<p>Las derrumbes m\u00e1s profundos se registraron en la venta minorista de materiales para la construcci\u00f3n (-15,9%), electrodom\u00e9sticos, art\u00edculos electr\u00f3nicos, de computaci\u00f3n y celulares (-13,8%), Muebles (-13,5) y Bazares y regalos (-13,4%).<\/p>\n<p>&nbsp;<\/p>\n<p>Las ventas minoristas cayeron 9,9% en diciembre 2018 frente a igual fecha de 2017; los comercios cumplieron as\u00ed doce meses consecutivos en baja.<\/p>\n<p>&nbsp;<\/p>\n<p>En alimentos y bebidas, las ventas en cantidades disminuyeron 4,3% interanual y acumularon un declive del 3,2% en el a\u00f1o; las promociones agresivas de los hipermercados tambi\u00e9n contribuyeron a restar ventas a las Pymes de este sector.<\/p>\n<p>&nbsp;<\/p>\n<p>Mientras que en indumentaria, la salida se redujo 11,5% frente al mismo mes del a\u00f1o pasado y suma as\u00ed un descenso de 6,8% en el a\u00f1o, en cantidades.<\/p>\n<p>&nbsp;<\/p>\n<p>El despacho se concentr\u00f3 principalmente en la semana previa a Navidad, pero continu\u00f3 hasta el \u00faltimo d\u00eda del 2018: El ramo baj\u00f3 mucho frente al a\u00f1o pasado, muy damnificado por el comercio ilegal y el menor poder adquisitivo de las familias.<\/p>\n<p>&nbsp;<\/p>\n<p>En jugueter\u00edas y art\u00edculos de librer\u00eda, las ventas declinaron un 7,8% respecto al mismo mes del 2017 y el ramo re\u00fane una retracci\u00f3n del 5,3% en el a\u00f1o. En comercio electr\u00f3nico, hubo un aumento de 4,3% mientras que en los locales f\u00edsicos cayeron 9,6%.<\/p>\n<p>&nbsp;<\/p>\n<p>Se vendieron juguetes m\u00e1s econ\u00f3micos que otros a\u00f1os. Seg\u00fan el relevamiento realizado por la consultora Focus Market para Came en la semana de Navidad, desde $45 se pod\u00edan conseguir pelotas pl\u00e1sticas o autitos y a partir de $150 un buen juego de mesa.<\/p>\n","protected":false},"excerpt":{"rendered":"<p>Las cantidades vendidas por los comercios minoristas bajaron 9,9% en diciembre frente a igual mes de 2017 &nbsp; &nbsp; &nbsp; Las cantidades vendidas por los comercios minoristas bajaron 9,9% en diciembre frente a igual mes de 2017 y acumularon una retracci\u00f3n anual de 6,9%, seg\u00fan un relevamiento de la Confederaci\u00f3n de la Mediana Empresa (Came). &nbsp; En el mes, las ventas online subieron 3,1% mientras que las realizadas en locales tradicionales descendieron 11,2%. &nbsp; As\u00ed las ventas en locales f\u00edsicos tradicionales tuvieron una declive del 11,2% anual con todos los&#8230;<\/p>\n","protected":false},"author":3,"featured_media":35247,"comment_status":"closed","ping_status":"closed","sticky":false,"template":"","format":"standard","meta":[],"categories":[2],"tags":[],"_links":{"self":[{"href":"https:\/\/www.actualidadadiario.com\/index.php\/wp-json\/wp\/v2\/posts\/38443"}],"collection":[{"href":"https:\/\/www.actualidadadiario.com\/index.php\/wp-json\/wp\/v2\/posts"}],"about":[{"href":"https:\/\/www.actualidadadiario.com\/index.php\/wp-json\/wp\/v2\/types\/post"}],"author":[{"embeddable":true,"href":"https:\/\/www.actualidadadiario.com\/index.php\/wp-json\/wp\/v2\/users\/3"}],"replies":[{"embeddable":true,"href":"https:\/\/www.actualidadadiario.com\/index.php\/wp-json\/wp\/v2\/comments?post=38443"}],"version-history":[{"count":1,"href":"https:\/\/www.actualidadadiario.com\/index.php\/wp-json\/wp\/v2\/posts\/38443\/revisions"}],"predecessor-version":[{"id":38444,"href":"https:\/\/www.actualidadadiario.com\/index.php\/wp-json\/wp\/v2\/posts\/38443\/revisions\/38444"}],"wp:featuredmedia":[{"embeddable":true,"href":"https:\/\/www.actualidadadiario.com\/index.php\/wp-json\/wp\/v2\/media\/35247"}],"wp:attachment":[{"href":"https:\/\/www.actualidadadiario.com\/index.php\/wp-json\/wp\/v2\/media?parent=38443"}],"wp:term":[{"taxonomy":"category","embeddable":true,"href":"https:\/\/www.actualidadadiario.com\/index.php\/wp-json\/wp\/v2\/categories?post=38443"},{"taxonomy":"post_tag","embeddable":true,"href":"https:\/\/www.actualidadadiario.com\/index.php\/wp-json\/wp\/v2\/tags?post=38443"}],"curies":[{"name":"wp","href":"https:\/\/api.w.org\/{rel}","templated":true}]}}