{"id":38440,"date":"2019-01-02T12:41:53","date_gmt":"2019-01-02T15:41:53","guid":{"rendered":"https:\/\/www.actualidadadiario.com\/?p=38440"},"modified":"2019-01-02T12:41:53","modified_gmt":"2019-01-02T15:41:53","slug":"fuerte-temporal-genero-gravisimos-danos-en-el-sur-entrerriano","status":"publish","type":"post","link":"https:\/\/www.actualidadadiario.com\/index.php\/2019\/01\/02\/fuerte-temporal-genero-gravisimos-danos-en-el-sur-entrerriano\/","title":{"rendered":"Fuerte temporal gener\u00f3 grav\u00edsimos da\u00f1os en el sur entrerriano"},"content":{"rendered":"<p><em><strong>La tormenta gener\u00f3 la ca\u00edda de postes del tendido el\u00e9ctrico, al igual que de gran cantidad de \u00e1rboles. Hubo voladuras de techos de viviendas y tambi\u00e9n galpones destrozados<\/strong><\/em><\/p>\n<p>&nbsp;<\/p>\n<p>&nbsp;<\/p>\n<p>&nbsp;<\/p>\n<p>Con consecuencia de una intensa tormenta que azot\u00f3 el sur entrerriano en horas de la tarde del martes, hubo graves da\u00f1os en la zona de M\u00e9danos.<\/p>\n<p>&nbsp;<\/p>\n<p>La situaci\u00f3n gener\u00f3 la ca\u00edda de postes del tendido el\u00e9ctrico, al igual que de gran cantidad de \u00e1rboles. Asimismo, se generaron destrozos en la zona del per\u00edmetro de la escuela.<\/p>\n<p>&nbsp;<\/p>\n<p>Tambi\u00e9n se vio afectado un criadero de pollos. Uno de los galpones qued\u00f3 totalmente destruido, aunque no hab\u00eda aves en su interior, mientras que otra estructura similar se vio parcialmente da\u00f1ada.<\/p>\n<p>&nbsp;<\/p>\n<p>Por otra parte, se volaron los techos de cuatro viviendas. Hoy el Estado entrerriano brindar\u00e1 asistencia para reparar las mismas, se\u00f1al\u00f3 el director de Defensa Civil provincial, Laurato L\u00f3pez.<\/p>\n","protected":false},"excerpt":{"rendered":"<p>La tormenta gener\u00f3 la ca\u00edda de postes del tendido el\u00e9ctrico, al igual que de gran cantidad de \u00e1rboles. Hubo voladuras de techos de viviendas y tambi\u00e9n galpones destrozados &nbsp; &nbsp; &nbsp; Con consecuencia de una intensa tormenta que azot\u00f3 el sur entrerriano en horas de la tarde del martes, hubo graves da\u00f1os en la zona de M\u00e9danos. &nbsp; La situaci\u00f3n gener\u00f3 la ca\u00edda de postes del tendido el\u00e9ctrico, al igual que de gran cantidad de \u00e1rboles. Asimismo, se generaron destrozos en la zona del per\u00edmetro de la escuela. &nbsp; Tambi\u00e9n&#8230;<\/p>\n","protected":false},"author":3,"featured_media":38441,"comment_status":"closed","ping_status":"closed","sticky":false,"template":"","format":"standard","meta":[],"categories":[15],"tags":[],"_links":{"self":[{"href":"https:\/\/www.actualidadadiario.com\/index.php\/wp-json\/wp\/v2\/posts\/38440"}],"collection":[{"href":"https:\/\/www.actualidadadiario.com\/index.php\/wp-json\/wp\/v2\/posts"}],"about":[{"href":"https:\/\/www.actualidadadiario.com\/index.php\/wp-json\/wp\/v2\/types\/post"}],"author":[{"embeddable":true,"href":"https:\/\/www.actualidadadiario.com\/index.php\/wp-json\/wp\/v2\/users\/3"}],"replies":[{"embeddable":true,"href":"https:\/\/www.actualidadadiario.com\/index.php\/wp-json\/wp\/v2\/comments?post=38440"}],"version-history":[{"count":1,"href":"https:\/\/www.actualidadadiario.com\/index.php\/wp-json\/wp\/v2\/posts\/38440\/revisions"}],"predecessor-version":[{"id":38442,"href":"https:\/\/www.actualidadadiario.com\/index.php\/wp-json\/wp\/v2\/posts\/38440\/revisions\/38442"}],"wp:featuredmedia":[{"embeddable":true,"href":"https:\/\/www.actualidadadiario.com\/index.php\/wp-json\/wp\/v2\/media\/38441"}],"wp:attachment":[{"href":"https:\/\/www.actualidadadiario.com\/index.php\/wp-json\/wp\/v2\/media?parent=38440"}],"wp:term":[{"taxonomy":"category","embeddable":true,"href":"https:\/\/www.actualidadadiario.com\/index.php\/wp-json\/wp\/v2\/categories?post=38440"},{"taxonomy":"post_tag","embeddable":true,"href":"https:\/\/www.actualidadadiario.com\/index.php\/wp-json\/wp\/v2\/tags?post=38440"}],"curies":[{"name":"wp","href":"https:\/\/api.w.org\/{rel}","templated":true}]}}