{"id":38435,"date":"2019-01-02T12:40:20","date_gmt":"2019-01-02T15:40:20","guid":{"rendered":"https:\/\/www.actualidadadiario.com\/?p=38435"},"modified":"2019-01-02T12:40:20","modified_gmt":"2019-01-02T15:40:20","slug":"desde-conicet-diamante-advierten-falta-de-presupuesto-para-pagar-servicios","status":"publish","type":"post","link":"https:\/\/www.actualidadadiario.com\/index.php\/2019\/01\/02\/desde-conicet-diamante-advierten-falta-de-presupuesto-para-pagar-servicios\/","title":{"rendered":"Desde CONICET Diamante, advierten falta de presupuesto para pagar servicios"},"content":{"rendered":"<p><em><strong>Los recortes en presupuestos para Ciencia y Tecnolog\u00eda se replican tambi\u00e9n en Entre R\u00edos<\/strong><\/em><\/p>\n<p>&nbsp;<\/p>\n<p>&nbsp;<\/p>\n<p>&nbsp;<\/p>\n<p>Cinco integrantes del directorio del CONICET a nivel nacional redactaron una carta informando sobre la situaci\u00f3n actual de los investigadores del pa\u00eds. Se\u00f1alaron que &#8220;el presupuesto 2019 deja al organismo al borde de la imposibilidad de financiar cualquiera de sus muchos instrumentos de promoci\u00f3n, y a su vez afectar\u00e1 seriamente la capacidad de trabajo de toda la red institucional del Conicet y de las instituciones asociadas&#8221;.<\/p>\n<p>&nbsp;<\/p>\n<p>En el escrito, firmado por Dora Barrancos, Francisco Tamarit, Miguel Laborde, Roberto Rivarola y Tulio Del Bono, indican sobre el Gobierno de Macri que \u201cen estos tres a\u00f1os el Conicet ha sufrido un profundo y sostenido deterioro de los salarios de sus trabajadoras y trabajadores y de los estipendios de sus becarias y becarios, muchos de los cuales viven con remuneraciones que se sit\u00faan por debajo de la l\u00ednea de pobreza\u201d.<\/p>\n<p>&nbsp;<\/p>\n<p>&nbsp;<\/p>\n<p><strong>La situaci\u00f3n en Entre R\u00edos<\/strong><\/p>\n<p>El director del Centro de Investigaciones Cient\u00edficas y Transferencia de Tecnolog\u00eda a la Producci\u00f3n (Cicyttp) de Diamante, Carlos Pi\u00f1a, dialog\u00f3 con APF Digital y expres\u00f3, respecto de la carta, que &#8220;es una situaci\u00f3n realmente trist\u00edsima y lamentable&#8221;.<\/p>\n<p>&nbsp;<\/p>\n<p>Pi\u00f1a, sobre el Centro de Investigaciones en Diamante, comunic\u00f3 que reciben \u201cs\u00f3lo el 40 por ciento del presupuesto como en el caso nacional&#8221;, y a\u00f1adi\u00f3 que &#8220;desde hace tres meses que no tenemos presupuesto para pagar la luz, el gas y los seguros de los autos, por ejemplo\u201d. En este sentido, detall\u00f3 que esos gastos est\u00e1n siendo costeados por el Centro Cient\u00edfico Tecnol\u00f3gico (CCT) de Santa Fe, del que tanto la Unidad Ejecutora de Diamante como los otros dos Centros Conicet de Entre R\u00edos integran.<\/p>\n<p>&nbsp;<\/p>\n<p>La suba de los servicios de energ\u00eda son un problema: &#8220;Hay equipamiento que no podemos poner en funcionamiento porque no podemos afrontar el gasto el\u00e9ctrico, a pesar de que hemos hecho todos los esfuerzos por bajar el consumo. Y si bien mes a mes veo c\u00f3mo va bajando, el problema es que la factura viene cada vez m\u00e1s cara producto del aumento de las tarifas&#8221;, dijo Pi\u00f1a.<\/p>\n<p>&nbsp;<\/p>\n<p>Sobre los fondos destinados al \u00e1rea de Ciencia y Tecnolog\u00eda, dijo que \u201cen el primer a\u00f1o de gesti\u00f3n de Cambiemos el presupuesto fue de 1,5 del PBI, el a\u00f1o pasado fue de 1,3 y seg\u00fan lo presupuestado en 2019 va a ser de 1,1.\u201d. Y remarc\u00f3, en referencia a la visi\u00f3n sobre la ciencia que tiene el Gobierno Nacional, que &#8220;esto quiere decir que cada vez les importa menos lo que refiere a la ciencia y tecnolog\u00eda, y los pa\u00edses pobres no se pueden dar el lujo de evitar la ciencia y tecnolog\u00eda, y Argentina est\u00e1 en esa situaci\u00f3n, pero la gesti\u00f3n actual no tiene mucho inter\u00e9s en su desarrollo&#8221;.<\/p>\n<p>&nbsp;<\/p>\n<p>Finalmente, Pi\u00f1a observ\u00f3 sobre la fuga de cerebros de investigadores j\u00f3venes en el pa\u00eds: &#8220;Hay muchos j\u00f3venes profesionales con formaci\u00f3n acad\u00e9mica de excelencia y doctorados que no encuentran su lugar en el pa\u00eds, y que ya comenzaron a irse al exterior donde s\u00ed consiguen trabajo. Esto significa un gran problema, porque as\u00ed como hace un par de a\u00f1o est\u00e1bamos repatriando cient\u00edficos, ahora hay j\u00f3venes con much\u00edsimo empuje e ideas innovadoras a los que el sistema no les est\u00e1 dando cabida&#8221;.<\/p>\n","protected":false},"excerpt":{"rendered":"<p>Los recortes en presupuestos para Ciencia y Tecnolog\u00eda se replican tambi\u00e9n en Entre R\u00edos &nbsp; &nbsp; &nbsp; Cinco integrantes del directorio del CONICET a nivel nacional redactaron una carta informando sobre la situaci\u00f3n actual de los investigadores del pa\u00eds. Se\u00f1alaron que &#8220;el presupuesto 2019 deja al organismo al borde de la imposibilidad de financiar cualquiera de sus muchos instrumentos de promoci\u00f3n, y a su vez afectar\u00e1 seriamente la capacidad de trabajo de toda la red institucional del Conicet y de las instituciones asociadas&#8221;. &nbsp; En el escrito, firmado por Dora&#8230;<\/p>\n","protected":false},"author":3,"featured_media":38436,"comment_status":"closed","ping_status":"closed","sticky":false,"template":"","format":"standard","meta":[],"categories":[1],"tags":[],"_links":{"self":[{"href":"https:\/\/www.actualidadadiario.com\/index.php\/wp-json\/wp\/v2\/posts\/38435"}],"collection":[{"href":"https:\/\/www.actualidadadiario.com\/index.php\/wp-json\/wp\/v2\/posts"}],"about":[{"href":"https:\/\/www.actualidadadiario.com\/index.php\/wp-json\/wp\/v2\/types\/post"}],"author":[{"embeddable":true,"href":"https:\/\/www.actualidadadiario.com\/index.php\/wp-json\/wp\/v2\/users\/3"}],"replies":[{"embeddable":true,"href":"https:\/\/www.actualidadadiario.com\/index.php\/wp-json\/wp\/v2\/comments?post=38435"}],"version-history":[{"count":1,"href":"https:\/\/www.actualidadadiario.com\/index.php\/wp-json\/wp\/v2\/posts\/38435\/revisions"}],"predecessor-version":[{"id":38437,"href":"https:\/\/www.actualidadadiario.com\/index.php\/wp-json\/wp\/v2\/posts\/38435\/revisions\/38437"}],"wp:featuredmedia":[{"embeddable":true,"href":"https:\/\/www.actualidadadiario.com\/index.php\/wp-json\/wp\/v2\/media\/38436"}],"wp:attachment":[{"href":"https:\/\/www.actualidadadiario.com\/index.php\/wp-json\/wp\/v2\/media?parent=38435"}],"wp:term":[{"taxonomy":"category","embeddable":true,"href":"https:\/\/www.actualidadadiario.com\/index.php\/wp-json\/wp\/v2\/categories?post=38435"},{"taxonomy":"post_tag","embeddable":true,"href":"https:\/\/www.actualidadadiario.com\/index.php\/wp-json\/wp\/v2\/tags?post=38435"}],"curies":[{"name":"wp","href":"https:\/\/api.w.org\/{rel}","templated":true}]}}