{"id":38429,"date":"2019-01-02T12:37:50","date_gmt":"2019-01-02T15:37:50","guid":{"rendered":"https:\/\/www.actualidadadiario.com\/?p=38429"},"modified":"2019-01-02T12:37:50","modified_gmt":"2019-01-02T15:37:50","slug":"familias-municipales-de-san-jaime-de-la-frontera-comenzaron-el-ano-en-su-casa-propia","status":"publish","type":"post","link":"https:\/\/www.actualidadadiario.com\/index.php\/2019\/01\/02\/familias-municipales-de-san-jaime-de-la-frontera-comenzaron-el-ano-en-su-casa-propia\/","title":{"rendered":"Familias municipales de San Jaime de la Frontera comenzaron el a\u00f1o en su casa propia"},"content":{"rendered":"<p><em><strong>El Estado entrerriano, a trav\u00e9s del Instituto Aut\u00e1rquico de Planeamiento y Vivienda (IAPV), entreg\u00f3 10 nuevas viviendas a familias de San Jaime de la Frontera, departamento Federaci\u00f3n, d\u00edas antes de finalizar el 2018. Las mismas fueron ejecutadas entre Naci\u00f3n y provincia<\/strong><\/em><\/p>\n<p>&nbsp;<\/p>\n<p>&nbsp;<\/p>\n<p>&nbsp;<\/p>\n<p>&nbsp;<\/p>\n<p>\u201cEl esfuerzo que hacemos todos los que trabajamos desde el IAPV se ve recompensado cuando vemos la alegr\u00eda de cada familia que recibe la llave de su vivienda. Muchas seguramente alquilaban o viv\u00edan con un familiar y hoy van a poder cumplir el sue\u00f1o de tener su casa\u201d, enfatiz\u00f3 el presidente de IAPV, Marcelo Casaretto, durante el acto de entrega que se desarroll\u00f3 este jueves en la localidad del norte entrerriano.<\/p>\n<p>&nbsp;<\/p>\n<p>\u201cVamos entregando 2000 viviendas en todo Entre R\u00edos, tanto en ciudades grandes como en pueblos m\u00e1s chicos. En cada uno de estos lugares hay entrerrianos con sue\u00f1os y ganas de avanzar en la vida\u201d, destac\u00f3, al tiempo que asegur\u00f3 que \u201cla mano tendida del Estado tiene que llegar a cada rinc\u00f3n de nuestra provincia para garantizar los derechos de sus ciudadanos a tener una vivienda digna\u201d.<\/p>\n<p>&nbsp;<\/p>\n<p>En ese sentido, cont\u00f3 que \u201ctenemos 50 obras en ejecuci\u00f3n; nuestro inter\u00e9s es generar inversi\u00f3n productiva, fuentes de trabajo, mediante la construcci\u00f3n para llegar a concretar el anhelo de la vivienda propia\u201d.<\/p>\n<p>&nbsp;<\/p>\n<p>\u201cHoy en d\u00eda el acceso a la casa propia es dif\u00edcil mediante cr\u00e9ditos bancarios, es por eso que el IAPV trabaja arduamente para permitir el acceso a la vivienda social. Por esto, es importante que los adjudicatarios paguen las cuotas, ya que con el fondo de recupero podamos seguir construyendo nuevas soluciones habitacionales y darle posibilidad a otra familia que lo necesita\u201d, indic\u00f3 Casaretto y agreg\u00f3: \u201cEs importante valorar el rol del Estado, la inversi\u00f3n p\u00fablica en materia social y garantizar una cuota accesible de acuerdo a la evoluci\u00f3n del salario establecido en paritaria\u201d.<\/p>\n<p>&nbsp;<\/p>\n<p>\u201cTenemos que pensar en la historia del IAPV que cumple 60 a\u00f1os: en el presente es estar entregando estas casas; y en el futuro, que est\u00e9 presente el Estado con su mano tendida para garantizar el derecho a la vivienda propia\u201d, acot\u00f3.<\/p>\n<p>&nbsp;<\/p>\n<p>Las 10 viviendas pertenecen a la Federaci\u00f3n Entrerriana de Sindicatos de Trabajadores Municipales (Festram) y fueron ejecutadas por la provincia, junto a Naci\u00f3n, a trav\u00e9s del programa Federal Techo Digno.<\/p>\n<p>&nbsp;<\/p>\n<p>En esta localidad, durante la actual gesti\u00f3n de gobierno se inauguraron 20 viviendas de Agemr, incluidas en la paritaria docente.<\/p>\n<p>&nbsp;<\/p>\n<p>&nbsp;<\/p>\n<p><strong>Un nuevo comienzo<\/strong><\/p>\n<p>Por su parte, el intendente de San Jaime de la Frontera, Felipe Balcazza, dijo: \u201cEstamos muy felices por estar viviendo este gran momento para los vecinos de nuestra localidad, que van a poder comenzar el a\u00f1o nuevo en su casa propia\u201d.<\/p>\n<p>&nbsp;<\/p>\n<p>\u201cComo funcionarios nos da mucha satisfacci\u00f3n poder seguir gestionando soluciones habitacionales junto al gobierno de Entre R\u00edos, a trav\u00e9s del IAPV\u201d, resalt\u00f3.<\/p>\n<p>&nbsp;<\/p>\n<p>Por \u00faltimo, Mario Barberan, presidente de la Federaci\u00f3n Entrerriana de Sindicatos de Trabajadores Municipales, expres\u00f3 que \u201cpara todos los que integramos la Festram, hoy es un d\u00eda que nos llena de orgullo, ya que 10 familias cumplen el sue\u00f1o de la vivienda propia y van a cambiar su vida\u201d.<\/p>\n<p>&nbsp;<\/p>\n<p>\u201cEstamos muy agradecidos con el gobernador y con el presidente del IAPV, Marcelo Casaretto, ya que siempre estuvo presente para responder nuestras dudas y nos garantiz\u00f3 que estas viviendas se iban a entregar antes de fin de a\u00f1o que era nuestra prioridad\u201d, subray\u00f3.<\/p>\n","protected":false},"excerpt":{"rendered":"<p>El Estado entrerriano, a trav\u00e9s del Instituto Aut\u00e1rquico de Planeamiento y Vivienda (IAPV), entreg\u00f3 10 nuevas viviendas a familias de San Jaime de la Frontera, departamento Federaci\u00f3n, d\u00edas antes de finalizar el 2018. Las mismas fueron ejecutadas entre Naci\u00f3n y provincia &nbsp; &nbsp; &nbsp; &nbsp; \u201cEl esfuerzo que hacemos todos los que trabajamos desde el IAPV se ve recompensado cuando vemos la alegr\u00eda de cada familia que recibe la llave de su vivienda. Muchas seguramente alquilaban o viv\u00edan con un familiar y hoy van a poder cumplir el sue\u00f1o de&#8230;<\/p>\n","protected":false},"author":3,"featured_media":38430,"comment_status":"closed","ping_status":"closed","sticky":false,"template":"","format":"standard","meta":[],"categories":[15],"tags":[],"_links":{"self":[{"href":"https:\/\/www.actualidadadiario.com\/index.php\/wp-json\/wp\/v2\/posts\/38429"}],"collection":[{"href":"https:\/\/www.actualidadadiario.com\/index.php\/wp-json\/wp\/v2\/posts"}],"about":[{"href":"https:\/\/www.actualidadadiario.com\/index.php\/wp-json\/wp\/v2\/types\/post"}],"author":[{"embeddable":true,"href":"https:\/\/www.actualidadadiario.com\/index.php\/wp-json\/wp\/v2\/users\/3"}],"replies":[{"embeddable":true,"href":"https:\/\/www.actualidadadiario.com\/index.php\/wp-json\/wp\/v2\/comments?post=38429"}],"version-history":[{"count":1,"href":"https:\/\/www.actualidadadiario.com\/index.php\/wp-json\/wp\/v2\/posts\/38429\/revisions"}],"predecessor-version":[{"id":38431,"href":"https:\/\/www.actualidadadiario.com\/index.php\/wp-json\/wp\/v2\/posts\/38429\/revisions\/38431"}],"wp:featuredmedia":[{"embeddable":true,"href":"https:\/\/www.actualidadadiario.com\/index.php\/wp-json\/wp\/v2\/media\/38430"}],"wp:attachment":[{"href":"https:\/\/www.actualidadadiario.com\/index.php\/wp-json\/wp\/v2\/media?parent=38429"}],"wp:term":[{"taxonomy":"category","embeddable":true,"href":"https:\/\/www.actualidadadiario.com\/index.php\/wp-json\/wp\/v2\/categories?post=38429"},{"taxonomy":"post_tag","embeddable":true,"href":"https:\/\/www.actualidadadiario.com\/index.php\/wp-json\/wp\/v2\/tags?post=38429"}],"curies":[{"name":"wp","href":"https:\/\/api.w.org\/{rel}","templated":true}]}}