{"id":38426,"date":"2019-01-02T12:37:06","date_gmt":"2019-01-02T15:37:06","guid":{"rendered":"https:\/\/www.actualidadadiario.com\/?p=38426"},"modified":"2019-01-02T12:37:06","modified_gmt":"2019-01-02T15:37:06","slug":"avanza-la-implementacion-de-los-programas-familias-de-abrigo-y-andando","status":"publish","type":"post","link":"https:\/\/www.actualidadadiario.com\/index.php\/2019\/01\/02\/avanza-la-implementacion-de-los-programas-familias-de-abrigo-y-andando\/","title":{"rendered":"Avanza la implementaci\u00f3n de los programas Familias de Abrigo y Andando"},"content":{"rendered":"<p><em><strong>El Gobierno de Entre R\u00edos sigue fortaleciendo la pol\u00edtica de ni\u00f1ez y adolescencia en materia de cuidados y protecci\u00f3n de vulneraci\u00f3n de sus derechos. El Consejo Provincial del Ni\u00f1o, el Adolescente y la Familia (Copnaf), realiza un trabajo articulado interinstitucional para desarrollar ambos programa<\/strong><\/em><\/p>\n<p>&nbsp;<\/p>\n<p>&nbsp;<\/p>\n<p>&nbsp;<\/p>\n<p>&nbsp;<\/p>\n<p>Ambos programas fortalecen todo lo que es la pol\u00edtica de cuidado de ni\u00f1os, ni\u00f1as y adolescentes sin cuidados parentales que quedan a cargo del Estado provincial. Uno es al momento de recibirlos ante una vulneraci\u00f3n y el otro es acompa\u00f1ando y fortaleciendo sus derechos de ciudadano cuando egresan a la mayor\u00eda de edad de una Residencia Socio Educativa (RSE).<\/p>\n<p>&nbsp;<\/p>\n<p>\u201cSiguiendo los lineamientos del gobernador Gustavo Bordet de fortalecer las pol\u00edticas para ni\u00f1os, ni\u00f1as y adolescentes sin cuidados parentales, es en este marco que el Programa Familias de Abrigo implic\u00f3 una alternativa a la institucionalizaci\u00f3n de los ni\u00f1os de 0 a 2 a\u00f1os cuando por una medida de protecci\u00f3n excepcional ante una vulneraci\u00f3n de derechos grave, deben ser retirados de la convivencia de su seno familiar\u201d, explic\u00f3 la presidenta del Copnaf, Marisa Paira, quien agreg\u00f3 adem\u00e1s que \u201ceste programa apunta fundamentalmente a cuidar a los ni\u00f1os en esta franja et\u00e1rea en un \u00e1mbito familiar, de apego que proteja su subjetividad y tambi\u00e9n desde una mirada solidaria de toda la comunidad y poder dar cuenta de una estrategia de cuidado de los ni\u00f1os.<\/p>\n<p>&nbsp;<\/p>\n<p>La titular por otra parte puntualiz\u00f3 que mientras tanto, el Programa Andando \u201cresponde a una necesidad que nuestra provincia no contaba con un programa de egreso de aquellos adolescentes que su trayectoria de vida se ha realizado en Residencias Socio Educativas y que carecen de cuidados parentales, muchos de ellos con declaraci\u00f3n de adoptabilidad y sin embargo que no han podido constituir su vida en un grupo familiar\u201d.<\/p>\n<p>&nbsp;<\/p>\n<p>Agreg\u00f3 que \u201ceste programa prev\u00e9 un trabajo con tutores, con inserci\u00f3n educativa y formaci\u00f3n laboral que posibilite a los adolescentes a partir de los 18 a\u00f1os cuando dejan de vivir en la residencia puedan incluirse en la comunidad y armar un proyecto de vida sustentable\u201d.<\/p>\n<p>&nbsp;<\/p>\n<p>&nbsp;<\/p>\n<p><strong>Familias de Abrigo ya est\u00e1 recorriendo la provincia <\/strong><\/p>\n<p>El Programa Familias de Abrigo fue lanzado este a\u00f1o durante la Semana de los Derechos de la Ni\u00f1ez y la Adolescencia, en noviembre, para todo el territorio provincial. Ahora ya se realizaron charlas informativas y presentaciones m\u00e1s focalizadas en Paran\u00e1, Concordia, Gualeguaych\u00fa e Islas del Ibicuy, las cuales continuar\u00e1n este 2019. Hay familias interesadas que se han acercado a la convocatoria, a interiorizarse de los detalles. Estas presentaciones han sido encabezadas por la presidenta del Copnaf, los coordinadores departamentales y tambi\u00e9n el defensor general Maximiliano Ben\u00edtez, en representaci\u00f3n del Poder Judicial, en el caso de Islas del Ibicuy por ejemplo.<\/p>\n<p>&nbsp;<\/p>\n<p>El equipo de profesionales del Copnaf que lleva adelante el Programa Familias de Abrigo se integra con la jefa de Departamento de cuidados alternativos, Fabiana Villanueva; la psic\u00f3loga Marta Peralta; la trabajadora social Patricia Mayoraz; y la asesora legal, Julieta Alesso; quienes fueron presentadas en el lanzamiento oficial en Casa de Gobierno, el martes 20 de noviembre pasado.<\/p>\n<p>&nbsp;<\/p>\n<p>Este Programa del Copnaf, tiene como encuadre fundamental la Convenci\u00f3n Internacional de los Derechos del Ni\u00f1o, incorporada a la Constituci\u00f3n Nacional, la Ley Nacional 26.061 y a nivel provincial por la Ley 9.861, como asimismo las directrices sobre modalidades alternativas de cuidado de los ni\u00f1os, de las Naciones Unidas, y los Lineamientos Nacionales en Materia de Ni\u00f1os, Ni\u00f1as y Adolescentes Carentes de Cuidados Parentales, aprobado por el Consejo Federal de Ni\u00f1ez, Adolescencia y Familia en el a\u00f1o 2009. El Programa tiene como objetivo brindar atenci\u00f3n y cuidado a ni\u00f1os y ni\u00f1as, que producto de la vulneraci\u00f3n de sus derechos, deben ser separados de su grupo familiar de origen, integr\u00e1ndolos transitoriamente a un grupo familiar seleccionado para tal fin. El acogimiento familiar es siempre excepcional y por el menor tiempo posible.<\/p>\n<p>&nbsp;<\/p>\n<p>Pretende la plena participaci\u00f3n del ni\u00f1o y la ni\u00f1a en la vida familiar e impone a quien lo recibe la obligaci\u00f3n de velar por el cumplimiento del ejercicio de sus derechos, lo que implica atender sus necesidades nutricionales, afectivas, vinculares, educacionales, de salud, de identidad y recreaci\u00f3n.<\/p>\n<p>&nbsp;<\/p>\n<p>Tambi\u00e9n prev\u00e9 la realizaci\u00f3n de un proceso de monitoreo y seguimiento continuo desde lo profesional y legal por parte del Copnaf, con el fin de procurar su adecuada implementaci\u00f3n y el cumplimiento de las metas propuestas. Familias de Abrigo establece una colaboraci\u00f3n financiera, a trav\u00e9s de una asistencia econ\u00f3mica mensual por parte del organismo provincial a las familias que sean incorporadas, con destino al cuidado del ni\u00f1o en lo referente a su alimentaci\u00f3n, salud, educaci\u00f3n y recreaci\u00f3n.<\/p>\n<p>&nbsp;<\/p>\n<p>&nbsp;<\/p>\n<p><strong>Programa Andando: Convenios con Iafas, Sidecreer y Ater<\/strong><\/p>\n<p>Se firmaron d\u00edas atr\u00e1s en diciembre, convenios de cooperaci\u00f3n entre el Consejo Provincial del Ni\u00f1o, el Adolescente y la Familia (COPNAF) y el Instituto de Ayuda Financiera a la Acci\u00f3n Social (IAFAS); ATER y Sidecreer. Los documentos tienen como objetivo el desarrollo de acciones de apoyo a la implementaci\u00f3n del Programa Andando. En el acto de firma, llevado a cabo en la sede del organismo de protecci\u00f3n, estuvieron presentes la presidenta del Copnaf, Marisa Paira; el presidente del IAFAS, Silvio Vivas; el director general del Copnaf, Dar\u00edo Schell; y la coordinadora del Programa, Agostina Favotti. En el marco del convenio, el objeto principal es brindar capacitaci\u00f3n y entrenamiento laboral por parte del Iafas, a j\u00f3venes que est\u00e9n contenidos por dicho programa. Paira destac\u00f3 \u201cla importancia que revisten estos convenios para la cabal aplicaci\u00f3n de los lineamientos fundamentales del programa, y de \u00e9ste como refuerzo del Estado para la construcci\u00f3n del proceso de autonom\u00eda de las y los j\u00f3venes\u201d.<\/p>\n<p>&nbsp;<\/p>\n<p>Por su parte tambi\u00e9n suscribieron sus respectivos acuerdos el presidente de Sidecreer, Eduardo Vicente Drovin; el director Ejecutivo de ATER, Sergio Granetto; la vicepresidenta de Sidecreer Prof. Silvia Kupervasser; la Gerenta Comercial de la empresa, Mar\u00eda Gabriela Vergara; cuyo objeto principal de igual manera, es el entrenamiento laboral de las y los adolescentes que participan de dicho programa. Dicho instrumento se suscribe como parte del trabajo realizado por el Consejo Asesor de Ni\u00f1ez, motivo por el cual se encontraban presentes las consejeras por las se\u00f1aladas instituciones: Albertina Schvartz, por Sidecreer; Julieta Ibarl\u00edn y Katalina Lorenzo por ATER.<\/p>\n<p>&nbsp;<\/p>\n<p>&nbsp;<\/p>\n<p><strong>Lineamientos del Programa Andando<\/strong><\/p>\n<p>Este programa se desarrolla en conjunto entre el Copnaf y el Ministerio de Desarrollo Social a trav\u00e9s de la Secretar\u00eda de la Juventud. Y otorga un acompa\u00f1amiento tanto personal como econ\u00f3mico a los adolescentes entre los 16 y 21 a\u00f1os, alojados en dispositivos de cuidado formal con carencia de cuidados parentales. El mismo se desarrollar\u00e1 desde la perspectiva de la responsabilidad social conjunta, entre todas las instituciones de la sociedad civil, implicadas en la tem\u00e1tica.<\/p>\n<p>&nbsp;<\/p>\n<p>El programa se funda en la ley Nacional 27.364, que prev\u00e9 el otorgamiento de una beca a los adolescentes de 16 a 21 que cumplan con los requisitos objetivos previstos en la misma: haberse alojado por m\u00e1s de 6 meses en un dispositivo de cuidado formal y carecer de cuidados parentales. El objetivo principal del Programa Andando es acompa\u00f1ar la construcci\u00f3n de un proyecto de vida independiente y aut\u00f3noma de los adolescentes que se encuentren en condiciones de vulnerabilidad social, apuntando fortalecer su inclusi\u00f3n acompa\u00f1ando y dise\u00f1ando estrategias que favorezcan su estima, reparen y brinden igualdad de oportunidades.<\/p>\n<p>&nbsp;<\/p>\n<p>&nbsp;<\/p>\n<p><strong>Una herramienta interinstitucional<\/strong><\/p>\n<p>A mediados de este a\u00f1o se puso en funcionamiento el Consejo Asesor interinstitucional, creado por ley provincial, cuyo fin es aportar al Copnaf una mirada espec\u00edfica vinculada a distintas problem\u00e1ticas. En ese marco su primer paso es la implementaci\u00f3n del programa Andando. El Consejo Asesor es un \u00f3rgano ad-honorem cuyo fin es aportar al Copnaf una mirada espec\u00edfica vinculada a distintas problem\u00e1ticas. Creado por el art\u00edculo 28 de la Ley Provincial N\u00ba 9.861, y reglamentado por la resoluci\u00f3n 007\/2018 tiene como fundamento la tarea de brindar una mirada \u201cexterna\u201d basada en el criterio de coresponsabilidad interinstitucional, respetando siempre el criterio interdisciplinario.<\/p>\n<p>&nbsp;<\/p>\n<p>La puesta en marcha de un \u00f3rgano con esta responsabilidad, obedece a la recepci\u00f3n del \u201cparadigma protectorio\u201d que atraviesa a la legislaci\u00f3n provincial, motivando a adoptar reglamentaciones que permitan a la poblaci\u00f3n vulnerada contar con una protecci\u00f3n efectiva de sus derechos.<\/p>\n<p>&nbsp;<\/p>\n<p><strong>Consejeros:<\/strong> Est\u00e1 integrado por consejeros representantes del Instituto Becario, Ater, Facultad de Trabajo Social, Instituto del Seguro, Facultad de Ciencias Econ\u00f3micas, Iafas, Iapv, Fundaci\u00f3n Petro Pack, Universidad Cat\u00f3lica Argentina, Universidad Aut\u00f3nomoa de Entre R\u00edos, Ministerio P\u00fablico Fiscal, Sidecreer y distintas ONGs. La titular del Copnaf, Marisa Paira, explic\u00f3 que \u201cpara el organismo es muy importante que el Gobierno de Entre R\u00edos ponga en funcionamiento por primera vez al Consejo Asesor que prev\u00e9 dicha ley, que orienta y recomienda al Copnaf en materia de pol\u00edticas p\u00fablicas de ni\u00f1ez, desde el principio de la corresponsabilidad, la interdisciplinariedad e interinstitucionalidad\u201d.<\/p>\n<p>&nbsp;<\/p>\n<p>&nbsp;<\/p>\n<p><strong>Requisitos para inscribirse al Programa Familias de Abrigo:<\/strong><\/p>\n<p>&nbsp;<\/p>\n<p>-Ser mayor de 25 a\u00f1os.<\/p>\n<p>&nbsp;<\/p>\n<p>-Presentar DNI.<\/p>\n<p>&nbsp;<\/p>\n<p>-Cumplir con la documentaci\u00f3n requerida y perfil de plantea el Programa Familia de Abrigo.<\/p>\n<p>&nbsp;<\/p>\n<p>-Tiempo y disponibilidad para asumir la tarea solidaria y participar en talleres y encuentros.<\/p>\n<p>&nbsp;<\/p>\n<p><strong>Informes y contactos:<\/strong><\/p>\n<p>&nbsp;<\/p>\n<p>Comunicarse al tel\u00e9fono del Copnaf: (0343) 4228090 \u2013 Interno 157.<\/p>\n<p>&nbsp;<\/p>\n<p>Horario de atenci\u00f3n de 7 a 14.<\/p>\n<p>&nbsp;<\/p>\n<p>Direcci\u00f3n: Corrientes 190, Planta Baja &#8211; Paran\u00e1. O en sedes de las Coordinaciones Departamentales. Programa Familias de Abrigo.<\/p>\n<p>&nbsp;<\/p>\n<p>E-mail: copnaffamiliasdeabrigo@gmail.com<\/p>\n","protected":false},"excerpt":{"rendered":"<p>El Gobierno de Entre R\u00edos sigue fortaleciendo la pol\u00edtica de ni\u00f1ez y adolescencia en materia de cuidados y protecci\u00f3n de vulneraci\u00f3n de sus derechos. El Consejo Provincial del Ni\u00f1o, el Adolescente y la Familia (Copnaf), realiza un trabajo articulado interinstitucional para desarrollar ambos programa &nbsp; &nbsp; &nbsp; &nbsp; Ambos programas fortalecen todo lo que es la pol\u00edtica de cuidado de ni\u00f1os, ni\u00f1as y adolescentes sin cuidados parentales que quedan a cargo del Estado provincial. Uno es al momento de recibirlos ante una vulneraci\u00f3n y el otro es acompa\u00f1ando y fortaleciendo&#8230;<\/p>\n","protected":false},"author":3,"featured_media":38427,"comment_status":"closed","ping_status":"closed","sticky":false,"template":"","format":"standard","meta":[],"categories":[15],"tags":[],"_links":{"self":[{"href":"https:\/\/www.actualidadadiario.com\/index.php\/wp-json\/wp\/v2\/posts\/38426"}],"collection":[{"href":"https:\/\/www.actualidadadiario.com\/index.php\/wp-json\/wp\/v2\/posts"}],"about":[{"href":"https:\/\/www.actualidadadiario.com\/index.php\/wp-json\/wp\/v2\/types\/post"}],"author":[{"embeddable":true,"href":"https:\/\/www.actualidadadiario.com\/index.php\/wp-json\/wp\/v2\/users\/3"}],"replies":[{"embeddable":true,"href":"https:\/\/www.actualidadadiario.com\/index.php\/wp-json\/wp\/v2\/comments?post=38426"}],"version-history":[{"count":1,"href":"https:\/\/www.actualidadadiario.com\/index.php\/wp-json\/wp\/v2\/posts\/38426\/revisions"}],"predecessor-version":[{"id":38428,"href":"https:\/\/www.actualidadadiario.com\/index.php\/wp-json\/wp\/v2\/posts\/38426\/revisions\/38428"}],"wp:featuredmedia":[{"embeddable":true,"href":"https:\/\/www.actualidadadiario.com\/index.php\/wp-json\/wp\/v2\/media\/38427"}],"wp:attachment":[{"href":"https:\/\/www.actualidadadiario.com\/index.php\/wp-json\/wp\/v2\/media?parent=38426"}],"wp:term":[{"taxonomy":"category","embeddable":true,"href":"https:\/\/www.actualidadadiario.com\/index.php\/wp-json\/wp\/v2\/categories?post=38426"},{"taxonomy":"post_tag","embeddable":true,"href":"https:\/\/www.actualidadadiario.com\/index.php\/wp-json\/wp\/v2\/tags?post=38426"}],"curies":[{"name":"wp","href":"https:\/\/api.w.org\/{rel}","templated":true}]}}