{"id":38423,"date":"2018-12-28T13:48:08","date_gmt":"2018-12-28T16:48:08","guid":{"rendered":"https:\/\/www.actualidadadiario.com\/?p=38423"},"modified":"2018-12-28T13:48:08","modified_gmt":"2018-12-28T16:48:08","slug":"96-de-cada-10-mujeres-consideran-que-la-violencia-de-genero-en-la-argentina-es-grave","status":"publish","type":"post","link":"https:\/\/www.actualidadadiario.com\/index.php\/2018\/12\/28\/96-de-cada-10-mujeres-consideran-que-la-violencia-de-genero-en-la-argentina-es-grave\/","title":{"rendered":"9,6 de cada 10 mujeres consideran que la violencia de g\u00e9nero en la Argentina es grave"},"content":{"rendered":"<p><em><strong>Una encuesta de D\u2019Alessio \u2013 Berensztein revela adem\u00e1s que 64% de las mujeres dijo haber sufrido alguna clase de acoso o abuso. Pero 4 de cada 10 reconoci\u00f3 que &#8220;no hizo nada&#8221; ante esta situaci\u00f3n<\/strong><\/em><\/p>\n<p>&nbsp;<\/p>\n<p>&nbsp;<\/p>\n<p>&nbsp;<\/p>\n<p>El pa\u00eds est\u00e1 viviendo \u2013desde los \u00faltimos dos a\u00f1os\u2013 un verdadero cambio cultural, donde la cuesti\u00f3n de g\u00e9nero tiene un rol protag\u00f3nico. Luego de casos como el de la denuncia de la actriz Thelma Fard\u00edn hacia Juan Darth\u00e9s, su compa\u00f1ero en la serie &#8220;Patito Feo&#8221;, muchas mujeres se animaron a hacer p\u00fablicas sus experiencias de abusos y se multiplicaron las denuncias y los llamados a las l\u00edneas de atenci\u00f3n a v\u00edctimas de tales delitos.<\/p>\n<p>&nbsp;<\/p>\n<p>De acuerdo a un reciente relevamiento de la consultora D&#8217;Alessio \u2013 Berensztein, el 87% opina que la violencia de g\u00e9nero en la Argentina es un problema muy o algo grave, el 11% que es poco grave y un 2% no lo cree un problema. Sin embargo, la totalidad de las mujeres encuestadas coinciden en visualizarlo como un problema grave, aunque con matices: para el 96% es &#8220;muy o algo grave&#8221; y para el 4% restante, &#8220;poco grave&#8221;.<\/p>\n<p>&nbsp;<\/p>\n<p>Los datos corresponden a una medici\u00f3n realizada en forma online durante el 19 y el 20 de diciembre de 2018 e incluyen las respuestas de 700 encuestados, mayores de 18 a\u00f1os, de todo el pa\u00eds.<\/p>\n<p>&nbsp;<\/p>\n<p>Al ser consultados sobre cu\u00e1les ser\u00edan las razones por las que se llega al maltrato, el 64% lo atribuye a problemas psicol\u00f3gicos, el 58% lo vincula con efectos del alcohol o drogas, otro tanto, el 56%, a cuestiones de violencia por naturaleza o de personalidad y un 46% lo ve como un producto de antecedentes de maltratos en la infancia.<\/p>\n<p>En el orden de estas cuatro razones coinciden tanto los hombres como las mujeres encuestadas, aunque entre las \u00faltimas los porcentajes se incrementan.<\/p>\n<p>&nbsp;<\/p>\n<p>&nbsp;<\/p>\n<p><strong>Las mujeres creen que al maltrato se llega por\u2026<\/strong><\/p>\n<p>Problemas psicol\u00f3gicos (64%)<\/p>\n<p>Problemas con alcohol\/drogas (58%)<\/p>\n<p>Ser violento por naturaleza (56%)<\/p>\n<p>Antecedentes de maltratos en la infancia (46%)<\/p>\n<p>Problemas econ\u00f3micos (26%)<\/p>\n<p>P\u00e9rdida moment\u00e1nea de control (22%)<\/p>\n<p>Una provocaci\u00f3n de la pareja (13%)<\/p>\n<p>Otro (6%)<\/p>\n<p>Ns\/Nc (5%)<\/p>\n<p>&nbsp;<\/p>\n<p>Por otro lado, hay un segundo grupo de razones que justifican el maltrato: las relacionadas con problemas econ\u00f3micos (26%); a la p\u00e9rdida moment\u00e1nea del control (22%) y a la provocaci\u00f3n por parte de su pareja (13%). Aqu\u00ed tambi\u00e9n no hay distinci\u00f3n por g\u00e9nero en cuanto al orden, pero s\u00ed se observa una relaci\u00f3n inversa respecto del primer y m\u00e1s significativo grupo de justificaciones: los porcentajes ascienden entre los varones, en especial en lo que hace a vincular los hechos de maltrato como una reacci\u00f3n a la provocaci\u00f3n de sus parejas.<\/p>\n<p>&nbsp;<\/p>\n<p>La encuesta revela adem\u00e1s que el 64% de las mujeres dijo haber sufrido alguna clase de acoso o abuso. Preguntadas sobre d\u00f3nde: respondieron que la calles (40%) y el transporte p\u00fablico (40%) son los principales lugares donde se viven estas situaciones. El \u00e1mbito laboral tambi\u00e9n es un lugar donde se presenta (20%). Y en su propio hogar (19%). En este sentido, 4 de cada 10 mujeres admiti\u00f3 haber sufrido abusos por parte de su pareja.<\/p>\n<p>&nbsp;<\/p>\n<p>Existen distintos tipos de violencia, y los encuestados concuerdan en que las principales clases de abuso sufrido por parte de sus parejas fueron verbales y emocionales, ambas con un 16%. Le sigue la violencia f\u00edsica con 5%. Y, por \u00faltimo, aparece la violencia sexual, con el 3%. Todos los porcentajes se incrementan significativamente entre las mujeres.<\/p>\n<p>&nbsp;<\/p>\n<p>&nbsp;<\/p>\n<p><strong>\u00bfQu\u00e9 clase de abuso sufri\u00f3 por parte de su pareja?<\/strong><\/p>\n<p>Verbal (16%)<\/p>\n<p>Emocional (16%)<\/p>\n<p>F\u00edsico (5%)<\/p>\n<p>Sexual (3%)<\/p>\n<p>&nbsp;<\/p>\n<p>El trabajo de D&#8217;Alessio \u2013 Berensztein revela adem\u00e1s que frente a situaciones de abuso o maltrato, el 67% de los argentinos declara haber tomado conciencia, 25% s\u00f3lo algunas veces y 8% en ninguna oportunidad. Entre estos \u00faltimos el porcentaje de hombres que invisibiliza al maltrato se incrementa al 14%, mientras que apenas 3% de las mujeres optan por mirar hacia un costado.<\/p>\n<p>&nbsp;<\/p>\n<p>Finalmente se consult\u00f3 sobre qu\u00e9 hacer frente a situaciones de abuso y maltrato. La respuesta es llamativa: 4 de cada 10 contest\u00f3 &#8220;nada&#8221;.<\/p>\n<p>&nbsp;<\/p>\n<p>Cabe se\u00f1alar que este porcentaje se nutre especialmente de las respuestas de los hombres, ya que la mitad (51%) confiesa no haber realizado ninguna acci\u00f3n frente a situaciones de maltrato, mientras que entre las mujeres la proporci\u00f3n disminuye a 35%. Sin embargo, un 37% de los argentinos consultados opta por buscar ayuda en un profesional, en tanto que 22% prefiere hacerlo entre su familia o su entorno. Y apenas 11% denunci\u00f3 al abusador, porcentaje que se eleva a 17% entre mujeres y baja a 4% entre hombres.<\/p>\n","protected":false},"excerpt":{"rendered":"<p>Una encuesta de D\u2019Alessio \u2013 Berensztein revela adem\u00e1s que 64% de las mujeres dijo haber sufrido alguna clase de acoso o abuso. Pero 4 de cada 10 reconoci\u00f3 que &#8220;no hizo nada&#8221; ante esta situaci\u00f3n &nbsp; &nbsp; &nbsp; El pa\u00eds est\u00e1 viviendo \u2013desde los \u00faltimos dos a\u00f1os\u2013 un verdadero cambio cultural, donde la cuesti\u00f3n de g\u00e9nero tiene un rol protag\u00f3nico. Luego de casos como el de la denuncia de la actriz Thelma Fard\u00edn hacia Juan Darth\u00e9s, su compa\u00f1ero en la serie &#8220;Patito Feo&#8221;, muchas mujeres se animaron a hacer p\u00fablicas&#8230;<\/p>\n","protected":false},"author":3,"featured_media":38424,"comment_status":"closed","ping_status":"closed","sticky":false,"template":"","format":"standard","meta":[],"categories":[4],"tags":[],"_links":{"self":[{"href":"https:\/\/www.actualidadadiario.com\/index.php\/wp-json\/wp\/v2\/posts\/38423"}],"collection":[{"href":"https:\/\/www.actualidadadiario.com\/index.php\/wp-json\/wp\/v2\/posts"}],"about":[{"href":"https:\/\/www.actualidadadiario.com\/index.php\/wp-json\/wp\/v2\/types\/post"}],"author":[{"embeddable":true,"href":"https:\/\/www.actualidadadiario.com\/index.php\/wp-json\/wp\/v2\/users\/3"}],"replies":[{"embeddable":true,"href":"https:\/\/www.actualidadadiario.com\/index.php\/wp-json\/wp\/v2\/comments?post=38423"}],"version-history":[{"count":1,"href":"https:\/\/www.actualidadadiario.com\/index.php\/wp-json\/wp\/v2\/posts\/38423\/revisions"}],"predecessor-version":[{"id":38425,"href":"https:\/\/www.actualidadadiario.com\/index.php\/wp-json\/wp\/v2\/posts\/38423\/revisions\/38425"}],"wp:featuredmedia":[{"embeddable":true,"href":"https:\/\/www.actualidadadiario.com\/index.php\/wp-json\/wp\/v2\/media\/38424"}],"wp:attachment":[{"href":"https:\/\/www.actualidadadiario.com\/index.php\/wp-json\/wp\/v2\/media?parent=38423"}],"wp:term":[{"taxonomy":"category","embeddable":true,"href":"https:\/\/www.actualidadadiario.com\/index.php\/wp-json\/wp\/v2\/categories?post=38423"},{"taxonomy":"post_tag","embeddable":true,"href":"https:\/\/www.actualidadadiario.com\/index.php\/wp-json\/wp\/v2\/tags?post=38423"}],"curies":[{"name":"wp","href":"https:\/\/api.w.org\/{rel}","templated":true}]}}