{"id":38405,"date":"2018-12-28T13:43:14","date_gmt":"2018-12-28T16:43:14","guid":{"rendered":"https:\/\/www.actualidadadiario.com\/?p=38405"},"modified":"2018-12-28T13:43:14","modified_gmt":"2018-12-28T16:43:14","slug":"a-un-ano-de-la-perdida-de-confianza-de-los-mercados-el-principio-de-la-crisis","status":"publish","type":"post","link":"https:\/\/www.actualidadadiario.com\/index.php\/2018\/12\/28\/a-un-ano-de-la-perdida-de-confianza-de-los-mercados-el-principio-de-la-crisis\/","title":{"rendered":"A un a\u00f1o de la p\u00e9rdida de confianza de los mercados: el principio de la crisis"},"content":{"rendered":"<p><em><strong>El 28 de diciembre del 2017 tuvo lugar la conferencia de prensa que hizo aparecer la duda en el sector econ\u00f3mico con respecto al pa\u00eds<\/strong><\/em><\/p>\n<p>&nbsp;<\/p>\n<p>&nbsp;<\/p>\n<p>&nbsp;<\/p>\n<p>&nbsp;<\/p>\n<p>Un a\u00f1o atr\u00e1s, en este 28 de diciembre, los representantes del Banco Central de la Rep\u00fablica de Argentina se sentaron en la mesa con selectos ministros de Cambiemos y el Jefe de Gabinete, ofrecieron una conferencia de prensa y presenciaron uno de los primeros ruidos que m\u00e1s tarde llevar\u00eda al pa\u00eds a la crisis. Hoy, el discurso oficialista asegura que el problema ya pas\u00f3 y que para el 2019 s\u00f3lo queda recuperarse.<\/p>\n<p>&nbsp;<\/p>\n<p>En ese momento el BC y el ala pol\u00edtica se encontraban en desacuerdo con respecto a las tasas de inter\u00e9s. Mientras que de un lado se consideraba que la elevada tasa de referencia de 26,25% imped\u00eda una recuperaci\u00f3n econ\u00f3mica m\u00e1s acelerada, la instituci\u00f3n econ\u00f3mica privilegiaba sostenerlas para combatir la inflaci\u00f3n, de hecho, luego de las elecciones, las elev\u00f3 hasta alcanzar el 28,75%.<\/p>\n<p>&nbsp;<\/p>\n<p>Durante esta conferencia, en la cual el presidente del BC presente no era Sandleris sino Federico Sturzenegger, el ministro de Hacienda, Nicol\u00e1s Dujovne, present\u00f3 el cambio de metas inflacionarias y el plan econ\u00f3mico de Cambiemos. A esto le sigui\u00f3 la baja de la tasa de intereses, lo que puso en duda a los mercados, quienes comenzaron a se\u00f1alar que si la soluci\u00f3n para controlar la inflaci\u00f3n siempre hab\u00eda sido mantener las tasas en niveles bajos \u00bfpor qu\u00e9 se la subi\u00f3 entre octubre y noviembre?<\/p>\n<p>&nbsp;<\/p>\n<p>Como contrapeso, desde el BC se redujo las transferencias al Tesoro, tal y como deseaba, anot\u00e1ndose un punto en la lucha contra la inflaci\u00f3n. Ya en la conferencia de prensa se hab\u00eda anunciado, mientras esos aportes alcanzaron los $150.000 millones en el 2017, ser\u00eda reducido a $140.000 para el 2018 y a $70.000 millones en el 2019.<\/p>\n<p>&nbsp;<\/p>\n<p>La autonom\u00eda del BC se perdi\u00f3 a mediados de abril, cuando la corrida cambiaria obligo al Gobierno a intervenir y revirti\u00f3 la baja de las tasas. Adem\u00e1s, los cambios en el mercado internacional, sobretodo la suba de las tasas de los bonos del Tesoro estadounidense, agregaron m\u00e1s presi\u00f3n. M\u00e1s tarde, la corrida se transform\u00f3 en una crisis con el masivo desarme de las Lebac por la aplicaci\u00f3n de impuestos a los inversores extranjeros.<\/p>\n<p>&nbsp;<\/p>\n<p>Esa conferencia fue concluida con una foto, en donde se muestra a dos funcionarios que fueron acumulando cada vez m\u00e1s poder y otros dos que fueron apartados de la gesti\u00f3n. En ese momento, se ignoraban dem\u00e1s problemas que m\u00e1s adelante experimentar\u00eda el Gobierno, como la falta de certezas del endeudamiento o la magnitud del stock de las Lebcs. M\u00e1s adelante les quedaba tambi\u00e9n el acuerdo con el Fondo Monetario Internacional (FMI). A un a\u00f1o de aquel acontecimiento, la tasa de referencia se ubicaba en torno a los 29% y ya era calificada de agobiante, hoy alcanza el 60%.<\/p>\n","protected":false},"excerpt":{"rendered":"<p>El 28 de diciembre del 2017 tuvo lugar la conferencia de prensa que hizo aparecer la duda en el sector econ\u00f3mico con respecto al pa\u00eds &nbsp; &nbsp; &nbsp; &nbsp; Un a\u00f1o atr\u00e1s, en este 28 de diciembre, los representantes del Banco Central de la Rep\u00fablica de Argentina se sentaron en la mesa con selectos ministros de Cambiemos y el Jefe de Gabinete, ofrecieron una conferencia de prensa y presenciaron uno de los primeros ruidos que m\u00e1s tarde llevar\u00eda al pa\u00eds a la crisis. Hoy, el discurso oficialista asegura que el&#8230;<\/p>\n","protected":false},"author":3,"featured_media":38406,"comment_status":"closed","ping_status":"closed","sticky":false,"template":"","format":"standard","meta":[],"categories":[9],"tags":[],"_links":{"self":[{"href":"https:\/\/www.actualidadadiario.com\/index.php\/wp-json\/wp\/v2\/posts\/38405"}],"collection":[{"href":"https:\/\/www.actualidadadiario.com\/index.php\/wp-json\/wp\/v2\/posts"}],"about":[{"href":"https:\/\/www.actualidadadiario.com\/index.php\/wp-json\/wp\/v2\/types\/post"}],"author":[{"embeddable":true,"href":"https:\/\/www.actualidadadiario.com\/index.php\/wp-json\/wp\/v2\/users\/3"}],"replies":[{"embeddable":true,"href":"https:\/\/www.actualidadadiario.com\/index.php\/wp-json\/wp\/v2\/comments?post=38405"}],"version-history":[{"count":1,"href":"https:\/\/www.actualidadadiario.com\/index.php\/wp-json\/wp\/v2\/posts\/38405\/revisions"}],"predecessor-version":[{"id":38407,"href":"https:\/\/www.actualidadadiario.com\/index.php\/wp-json\/wp\/v2\/posts\/38405\/revisions\/38407"}],"wp:featuredmedia":[{"embeddable":true,"href":"https:\/\/www.actualidadadiario.com\/index.php\/wp-json\/wp\/v2\/media\/38406"}],"wp:attachment":[{"href":"https:\/\/www.actualidadadiario.com\/index.php\/wp-json\/wp\/v2\/media?parent=38405"}],"wp:term":[{"taxonomy":"category","embeddable":true,"href":"https:\/\/www.actualidadadiario.com\/index.php\/wp-json\/wp\/v2\/categories?post=38405"},{"taxonomy":"post_tag","embeddable":true,"href":"https:\/\/www.actualidadadiario.com\/index.php\/wp-json\/wp\/v2\/tags?post=38405"}],"curies":[{"name":"wp","href":"https:\/\/api.w.org\/{rel}","templated":true}]}}