{"id":3836,"date":"2016-11-03T09:55:22","date_gmt":"2016-11-03T12:55:22","guid":{"rendered":"http:\/\/actualidadadiario.com\/site\/?p=3836"},"modified":"2016-11-03T09:55:22","modified_gmt":"2016-11-03T12:55:22","slug":"para-el-cels-la-resolucion-de-la-onu-sobre-milagro-sala-tiene-que-ser-cumplida","status":"publish","type":"post","link":"https:\/\/www.actualidadadiario.com\/index.php\/2016\/11\/03\/para-el-cels-la-resolucion-de-la-onu-sobre-milagro-sala-tiene-que-ser-cumplida\/","title":{"rendered":"Para el CELS, la resoluci\u00f3n de la ONU sobre Milagro Sala &#8220;tiene que ser cumplida&#8221;"},"content":{"rendered":"<p><em><strong>El titular del Centro de Estudios Legales y Sociales (CELS), Horacio Verbitsky, manifest\u00f3 este mi\u00e9rcoles su desacuerdo con la postura del Gobierno frente a la resoluci\u00f3n de la Organizaci\u00f3n de las Naciones Unidas (ONU), que solicit\u00f3 liberar a la dirigente de la organizaci\u00f3n Tupac Amaru, Milagro Sala, y consider\u00f3 que la medida &#8220;tiene que ser cumplida&#8221;<\/strong><\/em><\/p>\n<p>&nbsp;<\/p>\n<p>&nbsp;<\/p>\n<p>&nbsp;<\/p>\n<p>&nbsp;<\/p>\n<p>En declaraciones a Radio 10, Verbitsky calific\u00f3 la detenci\u00f3n de Sala como &#8220;arbitraria&#8221;, e inst\u00f3 al Gobierno a &#8220;cumplir una resoluci\u00f3n de instancia internacional&#8221;.<\/p>\n<p>&nbsp;<\/p>\n<p>Vale recordar que la ONU solicit\u00f3 al Gobierno argentino la liberaci\u00f3n de la referente juje\u00f1a.<\/p>\n<p>&nbsp;<\/p>\n<p>&#8220;La resoluci\u00f3n sobre Milagro Sala es definitiva y tiene que ser cumplida. Si no lo cumplen es pol\u00edtico y moral y tiene que ver con el aislamiento argentino del mundo, porque los pa\u00edses cumplen las resoluciones&#8221;, manifest\u00f3 el titular del CELS.<\/p>\n<p>&nbsp;<\/p>\n<p>Consultado sobre las declaraciones del gobernador de Jujuy, Gerardo Morales, quien consider\u00f3 este martes que la resoluci\u00f3n del Grupo de Trabajo sobre la Detenci\u00f3n Arbitraria de la ONU es &#8220;bastante liviana&#8221; y adelant\u00f3 que ni el Gobierno ni la Justicia local acceder\u00e1n al cese de la detenci\u00f3n, Verbitsky respondi\u00f3 que &#8220;ante la comunidad internacional, el representante no es el gobierno de Jujuy sino que es -el presidente, Mauricio- Macri, y el que tiene que tomar una resoluci\u00f3n es el Gobierno nacional&#8221;.<\/p>\n","protected":false},"excerpt":{"rendered":"<p>El titular del Centro de Estudios Legales y Sociales (CELS), Horacio Verbitsky, manifest\u00f3 este mi\u00e9rcoles su desacuerdo con la postura del Gobierno frente a la resoluci\u00f3n de la Organizaci\u00f3n de las Naciones Unidas (ONU), que solicit\u00f3 liberar a la dirigente de la organizaci\u00f3n Tupac Amaru, Milagro Sala, y consider\u00f3 que la medida &#8220;tiene que ser cumplida&#8221; &nbsp; &nbsp; &nbsp; &nbsp; En declaraciones a Radio 10, Verbitsky calific\u00f3 la detenci\u00f3n de Sala como &#8220;arbitraria&#8221;, e inst\u00f3 al Gobierno a &#8220;cumplir una resoluci\u00f3n de instancia internacional&#8221;. &nbsp; Vale recordar que la ONU&#8230;<\/p>\n","protected":false},"author":3,"featured_media":3837,"comment_status":"closed","ping_status":"closed","sticky":false,"template":"","format":"standard","meta":[],"categories":[18],"tags":[],"_links":{"self":[{"href":"https:\/\/www.actualidadadiario.com\/index.php\/wp-json\/wp\/v2\/posts\/3836"}],"collection":[{"href":"https:\/\/www.actualidadadiario.com\/index.php\/wp-json\/wp\/v2\/posts"}],"about":[{"href":"https:\/\/www.actualidadadiario.com\/index.php\/wp-json\/wp\/v2\/types\/post"}],"author":[{"embeddable":true,"href":"https:\/\/www.actualidadadiario.com\/index.php\/wp-json\/wp\/v2\/users\/3"}],"replies":[{"embeddable":true,"href":"https:\/\/www.actualidadadiario.com\/index.php\/wp-json\/wp\/v2\/comments?post=3836"}],"version-history":[{"count":1,"href":"https:\/\/www.actualidadadiario.com\/index.php\/wp-json\/wp\/v2\/posts\/3836\/revisions"}],"predecessor-version":[{"id":3838,"href":"https:\/\/www.actualidadadiario.com\/index.php\/wp-json\/wp\/v2\/posts\/3836\/revisions\/3838"}],"wp:featuredmedia":[{"embeddable":true,"href":"https:\/\/www.actualidadadiario.com\/index.php\/wp-json\/wp\/v2\/media\/3837"}],"wp:attachment":[{"href":"https:\/\/www.actualidadadiario.com\/index.php\/wp-json\/wp\/v2\/media?parent=3836"}],"wp:term":[{"taxonomy":"category","embeddable":true,"href":"https:\/\/www.actualidadadiario.com\/index.php\/wp-json\/wp\/v2\/categories?post=3836"},{"taxonomy":"post_tag","embeddable":true,"href":"https:\/\/www.actualidadadiario.com\/index.php\/wp-json\/wp\/v2\/tags?post=3836"}],"curies":[{"name":"wp","href":"https:\/\/api.w.org\/{rel}","templated":true}]}}