{"id":3830,"date":"2016-11-03T09:53:52","date_gmt":"2016-11-03T12:53:52","guid":{"rendered":"http:\/\/actualidadadiario.com\/site\/?p=3830"},"modified":"2016-11-03T09:53:52","modified_gmt":"2016-11-03T12:53:52","slug":"tropas-iraquies-afirman-que-el-lider-de-estado-islamico-esta-oculto-en-mosul","status":"publish","type":"post","link":"https:\/\/www.actualidadadiario.com\/index.php\/2016\/11\/03\/tropas-iraquies-afirman-que-el-lider-de-estado-islamico-esta-oculto-en-mosul\/","title":{"rendered":"Tropas iraqu\u00edes afirman que el l\u00edder de Estado Isl\u00e1mico est\u00e1 oculto en Mosul"},"content":{"rendered":"<p><em><strong>Abu Bakr al-Baghdadi, el autoproclamado l\u00edder del Estado Isl\u00e1mico, se encuentra en Mosul, norte de Irak, donde ingresaron las tropas iraqu\u00edes<\/strong><\/em><\/p>\n<p>&nbsp;<\/p>\n<p>&nbsp;<\/p>\n<p>&nbsp;<\/p>\n<p>&nbsp;<\/p>\n<p>Lo dijo al diario brit\u00e1nico The Independent Fuad Hussein, jefe de gabinete del presidente kurdo Massoud Barzani.<\/p>\n<p>&nbsp;<\/p>\n<p>&#8220;Si Baghdadi est\u00e1 all\u00ed, y si es muerto, esto causar\u00e1 la ca\u00edda del Estado Isl\u00e1mico&#8221;, sostuvo.<\/p>\n<p>&nbsp;<\/p>\n<p>Mientras tanto, la mayor\u00eda de los combatientes del grupo yihadista se han retirado de la zona oriental de la ciudad de Mosul ante el avance de las tropas iraqu\u00edes, seg\u00fan inform\u00f3 un alto mando de seguridad.<\/p>\n<p>&nbsp;<\/p>\n<p>El jefe de seguridad de la provincia de N\u00ednive, Mohamed al Bayati, explic\u00f3 que la irrupci\u00f3n ayer de las fuerzas gubernamentales por el frente oriental provoc\u00f3 la huida de los yihadistas hacia los barrios ubicados en la orilla occidental del r\u00edo Tigris.<\/p>\n<p>&nbsp;<\/p>\n<p>A esta zona han sido tambi\u00e9n trasladados gran parte de los familiares de los miembros del EI.<\/p>\n<p>&nbsp;<\/p>\n<p>El jefe de seguridad de N\u00ednive, cuya capital es Mosul, asegur\u00f3 que las tropas &#8220;est\u00e1n preparadas para hacerse con el control total&#8221; de las \u00e1reas pr\u00f3ximas a la ribera oriental del Tigris.<\/p>\n<p>&nbsp;<\/p>\n<p>Sin embargo, este avance de las operaciones sobre el terreno se ve ralentizado por la presencia de civiles.<\/p>\n<p>&nbsp;<\/p>\n<p>Por el contrario, en la calle no se ven extremistas, que se esconden dentro de las viviendas, y de los t\u00faneles y trincheras que excavaron para protegerse de los bombardeos, agreg\u00f3 la fuente.<\/p>\n<p>&nbsp;<\/p>\n<p>De acuerdo a las cifras de Al Bayati, en los hospitales de Mosul hay al menos 187 cad\u00e1veres de miembros del EI ca\u00eddos en las batallas del barrio de Kukyeli y en las afueras de la ciudad, as\u00ed como por los bombardeos de las aviaciones de la coalici\u00f3n internacional e iraqu\u00ed.<\/p>\n<p>&nbsp;<\/p>\n<p>Otros 272 se encuentran heridos, muchos de ellos en estado grave y con pocas perspectivas de salvar la vida debido a la falta de medios en los centros m\u00e9dicos para curarlos, seg\u00fan el jefe de seguridad.<\/p>\n<p>&nbsp;<\/p>\n<p>Al Bayati habl\u00f3 de &#8220;colapso&#8221; de los yihadistas, que est\u00e1n &#8220;desconcertados por el avance de las fuerzas de seguridad, la p\u00e9rdida de varias zonas que controlaban y por su incapacidad de parar a las tropas&#8221;.<\/p>\n<p>&nbsp;<\/p>\n<p>Los intentos del EI de frenar este avance, mediante artefactos explosivos colocados en las calles y ataques con coches bomba conducidos por suicidas han por el momento fracasado.<\/p>\n<p>&nbsp;<\/p>\n<p>Ayer, las fuerzas iraqu\u00edes irrumpieron en Mosul desde el frente oriental, y se situaron en el barrio perif\u00e9rico de Kukyeli, considerado la puerta de entrada a la &#8220;capital&#8221; del EI en Irak.<\/p>\n<p>&nbsp;<\/p>\n<p>Pocas horas despu\u00e9s de penetrar en Kukyeli, las tropas recuperaron el control del edificio de la televisi\u00f3n local de Mosul, lo cual representa una victoria simb\u00f3lica para las tropas y les permite continuar hacia el distrito de Al Qudis.<\/p>\n<p>&nbsp;<\/p>\n<p>La campa\u00f1a militar para arrebatar al EI los territorios que a\u00fan controla en la provincia de N\u00ednive fue lanzada el pasado d\u00eda 17 por las tropas iraqu\u00edes y las kurdas &#8220;peshmergas&#8221;, y recientemente se sumaron a la batalla las milicias chi\u00edes Multitud Popular.<\/p>\n","protected":false},"excerpt":{"rendered":"<p>Abu Bakr al-Baghdadi, el autoproclamado l\u00edder del Estado Isl\u00e1mico, se encuentra en Mosul, norte de Irak, donde ingresaron las tropas iraqu\u00edes &nbsp; &nbsp; &nbsp; &nbsp; Lo dijo al diario brit\u00e1nico The Independent Fuad Hussein, jefe de gabinete del presidente kurdo Massoud Barzani. &nbsp; &#8220;Si Baghdadi est\u00e1 all\u00ed, y si es muerto, esto causar\u00e1 la ca\u00edda del Estado Isl\u00e1mico&#8221;, sostuvo. &nbsp; Mientras tanto, la mayor\u00eda de los combatientes del grupo yihadista se han retirado de la zona oriental de la ciudad de Mosul ante el avance de las tropas iraqu\u00edes, seg\u00fan&#8230;<\/p>\n","protected":false},"author":3,"featured_media":3831,"comment_status":"closed","ping_status":"closed","sticky":false,"template":"","format":"standard","meta":[],"categories":[4],"tags":[],"_links":{"self":[{"href":"https:\/\/www.actualidadadiario.com\/index.php\/wp-json\/wp\/v2\/posts\/3830"}],"collection":[{"href":"https:\/\/www.actualidadadiario.com\/index.php\/wp-json\/wp\/v2\/posts"}],"about":[{"href":"https:\/\/www.actualidadadiario.com\/index.php\/wp-json\/wp\/v2\/types\/post"}],"author":[{"embeddable":true,"href":"https:\/\/www.actualidadadiario.com\/index.php\/wp-json\/wp\/v2\/users\/3"}],"replies":[{"embeddable":true,"href":"https:\/\/www.actualidadadiario.com\/index.php\/wp-json\/wp\/v2\/comments?post=3830"}],"version-history":[{"count":1,"href":"https:\/\/www.actualidadadiario.com\/index.php\/wp-json\/wp\/v2\/posts\/3830\/revisions"}],"predecessor-version":[{"id":3832,"href":"https:\/\/www.actualidadadiario.com\/index.php\/wp-json\/wp\/v2\/posts\/3830\/revisions\/3832"}],"wp:featuredmedia":[{"embeddable":true,"href":"https:\/\/www.actualidadadiario.com\/index.php\/wp-json\/wp\/v2\/media\/3831"}],"wp:attachment":[{"href":"https:\/\/www.actualidadadiario.com\/index.php\/wp-json\/wp\/v2\/media?parent=3830"}],"wp:term":[{"taxonomy":"category","embeddable":true,"href":"https:\/\/www.actualidadadiario.com\/index.php\/wp-json\/wp\/v2\/categories?post=3830"},{"taxonomy":"post_tag","embeddable":true,"href":"https:\/\/www.actualidadadiario.com\/index.php\/wp-json\/wp\/v2\/tags?post=3830"}],"curies":[{"name":"wp","href":"https:\/\/api.w.org\/{rel}","templated":true}]}}