{"id":3827,"date":"2016-11-03T09:52:53","date_gmt":"2016-11-03T12:52:53","guid":{"rendered":"http:\/\/actualidadadiario.com\/site\/?p=3827"},"modified":"2016-11-03T09:52:53","modified_gmt":"2016-11-03T12:52:53","slug":"yasky-critico-a-la-cupula-de-la-cgt-por-mirar-parecido-a-los-90","status":"publish","type":"post","link":"https:\/\/www.actualidadadiario.com\/index.php\/2016\/11\/03\/yasky-critico-a-la-cupula-de-la-cgt-por-mirar-parecido-a-los-90\/","title":{"rendered":"Yasky critic\u00f3 a la c\u00fapula de la CGT por &#8220;mirar parecido a los 90&#8221;"},"content":{"rendered":"<p><em><strong>El secretario general de la CTA de los Trabajadores, Hugo Yasky, asegur\u00f3 este mi\u00e9rcoles que &#8220;hay un sector de la CGT&#8221; que act\u00faa &#8220;parecido a los dirigentes de principios de los 90&#8221;, al tiempo que llam\u00f3 a &#8220;constituir una central que exprese la diversidad de los distintos sectores&#8221; pero que est\u00e9 &#8220;al servicio de una lucha de la clase trabajadora&#8221;<\/strong><\/em><\/p>\n<p>&nbsp;<\/p>\n<p>&nbsp;<\/p>\n<p>&nbsp;<\/p>\n<p>&nbsp;<\/p>\n<p>&#8220;Hay una c\u00fapula dirigencial, un sector de la CGT que est\u00e1 mirando parecido a como miraban los dirigentes a principios de los 90, con un agravante: mal que mal, Menem ven\u00eda del justicialismo. Ac\u00e1 todos sabemos qui\u00e9n es Macri y qui\u00e9n es su Gabinete, lleno de CEOs de multinacionales&#8221;, sostuvo el dirigente gremial.<\/p>\n<p>&nbsp;<\/p>\n<p>En declaraciones radiales, el referente sindical convoc\u00f3 a &#8220;poner en la calle el reclamo&#8221; y critic\u00f3 a &#8220;un sector de la dirigencia de la CGT que le quiere dar tiempo a este Gobierno, que quiere alargar una luna de miel, cuando no hay ning\u00fan motivo para hacerlo: Hay despidos y p\u00e9rdida salarial&#8221;.<\/p>\n<p>&nbsp;<\/p>\n<p>&#8220;Si hac\u00e9s un corte en las regionales de la CGT hay una mirada absolutamente distinta. Hace poco hubo un paro en C\u00f3rdoba, una movilizaci\u00f3n en Rosario&#8221;, indic\u00f3 y se\u00f1al\u00f3 que &#8220;pensar que con este Gobierno los trabajadores pueden obtener alg\u00fan beneficio es un error grav\u00edsimo&#8221;.<\/p>\n<p>&nbsp;<\/p>\n<p>&#8220;Lo que van a hacer si ganan las elecciones del a\u00f1o que viene, y ya lo tienen en carpeta, es avanzar sobre los derechos del movimiento sindical y liquidar la Justicia Laboral. Ya est\u00e1n mencionando que hay que bajar los costos de la ART&#8221;, lanz\u00f3.<\/p>\n<p>&nbsp;<\/p>\n<p>Este mediod\u00eda, las Centrales de Trabajadores Argentinos (CTA) que conducen los dirigentes Pablo Micheli y Yasky, brindaron una conferencia de prensa para ratificar la jornada de protesta nacional del viernes, que incluye una movilizaci\u00f3n a la Plaza de Mayo a partir de las 17.<\/p>\n<p>&nbsp;<\/p>\n<p>La movilizaci\u00f3n ser\u00e1 bajo la consigna: &#8220;Ni hambre ni despidos&#8221;, &#8220;porque volvemos a ratificar que un bono de $ 2000 no cierra la brecha salarial&#8221;, dijo Yasky.<\/p>\n<p>&nbsp;<\/p>\n<p>Durante el contacto con la prensa, Micheli expres\u00f3: &#8220;no estamos de acuerdo con esta modalidad de di\u00e1logo sesgado que lleva adelante el gobierno nacional, y que m\u00e1s que di\u00e1logo es una imposici\u00f3n a las pol\u00edticas econ\u00f3micas que le convienen al Gobierno, es decir pagar una cifra casi en negro, no remunerativa por \u00fanica vez y que no significa recuperar el salario de los trabajadores&#8221;.<\/p>\n<p>&nbsp;<\/p>\n<p>&#8220;Frente a este cuadro de situaci\u00f3n, decidimos salir a la calle y hacer una jornada nacional de lucha, porque no le vamos a dar tregua a esta pol\u00edtica econ\u00f3mica&#8221;, manifest\u00f3.<\/p>\n","protected":false},"excerpt":{"rendered":"<p>El secretario general de la CTA de los Trabajadores, Hugo Yasky, asegur\u00f3 este mi\u00e9rcoles que &#8220;hay un sector de la CGT&#8221; que act\u00faa &#8220;parecido a los dirigentes de principios de los 90&#8221;, al tiempo que llam\u00f3 a &#8220;constituir una central que exprese la diversidad de los distintos sectores&#8221; pero que est\u00e9 &#8220;al servicio de una lucha de la clase trabajadora&#8221; &nbsp; &nbsp; &nbsp; &nbsp; &#8220;Hay una c\u00fapula dirigencial, un sector de la CGT que est\u00e1 mirando parecido a como miraban los dirigentes a principios de los 90, con un agravante:&#8230;<\/p>\n","protected":false},"author":3,"featured_media":3828,"comment_status":"closed","ping_status":"closed","sticky":false,"template":"","format":"standard","meta":[],"categories":[18],"tags":[],"_links":{"self":[{"href":"https:\/\/www.actualidadadiario.com\/index.php\/wp-json\/wp\/v2\/posts\/3827"}],"collection":[{"href":"https:\/\/www.actualidadadiario.com\/index.php\/wp-json\/wp\/v2\/posts"}],"about":[{"href":"https:\/\/www.actualidadadiario.com\/index.php\/wp-json\/wp\/v2\/types\/post"}],"author":[{"embeddable":true,"href":"https:\/\/www.actualidadadiario.com\/index.php\/wp-json\/wp\/v2\/users\/3"}],"replies":[{"embeddable":true,"href":"https:\/\/www.actualidadadiario.com\/index.php\/wp-json\/wp\/v2\/comments?post=3827"}],"version-history":[{"count":1,"href":"https:\/\/www.actualidadadiario.com\/index.php\/wp-json\/wp\/v2\/posts\/3827\/revisions"}],"predecessor-version":[{"id":3829,"href":"https:\/\/www.actualidadadiario.com\/index.php\/wp-json\/wp\/v2\/posts\/3827\/revisions\/3829"}],"wp:featuredmedia":[{"embeddable":true,"href":"https:\/\/www.actualidadadiario.com\/index.php\/wp-json\/wp\/v2\/media\/3828"}],"wp:attachment":[{"href":"https:\/\/www.actualidadadiario.com\/index.php\/wp-json\/wp\/v2\/media?parent=3827"}],"wp:term":[{"taxonomy":"category","embeddable":true,"href":"https:\/\/www.actualidadadiario.com\/index.php\/wp-json\/wp\/v2\/categories?post=3827"},{"taxonomy":"post_tag","embeddable":true,"href":"https:\/\/www.actualidadadiario.com\/index.php\/wp-json\/wp\/v2\/tags?post=3827"}],"curies":[{"name":"wp","href":"https:\/\/api.w.org\/{rel}","templated":true}]}}