{"id":3816,"date":"2016-11-03T09:47:57","date_gmt":"2016-11-03T12:47:57","guid":{"rendered":"http:\/\/actualidadadiario.com\/site\/?p=3816"},"modified":"2016-11-03T09:47:57","modified_gmt":"2016-11-03T12:47:57","slug":"mas-gobernadores-hacen-fila-por-ayuda-para-bono-navideno","status":"publish","type":"post","link":"https:\/\/www.actualidadadiario.com\/index.php\/2016\/11\/03\/mas-gobernadores-hacen-fila-por-ayuda-para-bono-navideno\/","title":{"rendered":"M\u00e1s gobernadores hacen fila por ayuda para bono navide\u00f1o"},"content":{"rendered":"<p><em><strong>Mandatarios hacen hincapi\u00e9 en dificultades financieras para hacer frente a reclamos de los gremios locales<\/strong><\/em><\/p>\n<p>&nbsp;<\/p>\n<p>&nbsp;<\/p>\n<p>&nbsp;<\/p>\n<p>Pese a que la Casa Rosada mantiene su postura de dar &#8220;libertad de acci\u00f3n&#8221; a las provincias, no cesa el clamor de mandatarios en pos de que el Gobierno de Mauricio Macri los asista financieramente para hacer frente al pago de un bono de fin de a\u00f1o a los trabajadores estatales.<\/p>\n<p>&nbsp;<\/p>\n<p>Entre quienes elevaron ese planteo -en medio de las urgencias financieras- se encuentra la gobernadora de Catamarca, la justicialista Luc\u00eda Corpacci, en este caso en el marco de un encuentro que mantuvo el pasado martes con el Presidente en Balcarce 50.<\/p>\n<p>&nbsp;<\/p>\n<p>Seg\u00fan trascendi\u00f3, el jefe de Estado recepcion\u00f3 el pedido y se comprometi\u00f3 a estudiarlo junto a los equipos t\u00e9cnicos para determinar si es posible autorizar una partida de Aportes del Tesoro Nacional (ATN) a ese fin.<\/p>\n<p>&nbsp;<\/p>\n<p>Sin embargo, desde despachos nacionales consultados ayer por este diario ratificaron que no tienen prevista una asistencia de fondos para las provincias que no puedan pagar el plus de fin de a\u00f1o que exigen muchos gremios. &#8220;Las que puedan pagar lo pagar\u00e1n, las otras no&#8221;, sostienen.<\/p>\n<p>&nbsp;<\/p>\n<p>&#8220;Yo creo que el bono de fin de a\u00f1o es muy probable que la provincia lo d\u00e9; estamos trabajando con el ministro de Hacienda (Ricardo Aredes) para ver de cu\u00e1nto ser\u00e1 y d\u00f3nde conseguimos los recursos, fue un a\u00f1o muy dif\u00edcil desde lo econ\u00f3mico por la baja de recursos de libre disponibilidad&#8221;, hab\u00eda se\u00f1alado horas antes Corpacci.<\/p>\n<p>&nbsp;<\/p>\n<p>Por su parte, y poco antes de partir ayer a China para cerrar el financiamiento para la construcci\u00f3n de una planta fotovoltaica en la Puna juje\u00f1a, el radical Gerardo Morales (Cambiemos) dej\u00f3 abierto el escenario. &#8220;Vamos a esperar el debate nacional sobre ese tema&#8221;, sostuvo, frente al pedido de un bono de 5 mil pesos blandido, por caso, por los municipales.<\/p>\n<p>&nbsp;<\/p>\n<p>Previamente, tambi\u00e9n hab\u00edan apuntado la mirada a la admi-nistraci\u00f3n nacional, entre otros, el gobernador socialista Miguel Lifschitz (Santa Fe), el mandatario justicialista Gustavo Bordet (Entre R\u00edos) y el ministro de Econom\u00eda de Formosa, Jorge Ib\u00e1\u00f1ez.<\/p>\n<p>&nbsp;<\/p>\n<p>Bordet remarc\u00f3 que la provincia &#8220;no est\u00e1 en condiciones de afrontar&#8221; el pago y reconoci\u00f3 que aguarda &#8220;qu\u00e9 definir\u00e1 el Gobierno nacional y cu\u00e1l ser\u00e1 el criterio&#8221; para el otorgamiento.<\/p>\n<p>&nbsp;<\/p>\n<p>&#8220;Somos optimistas en que si (Naci\u00f3n) nos ayuda, por supuesto que estaremos asignando esta ayuda para las familias de los estatales&#8221;, se\u00f1al\u00f3, por su parte, el funcionario de Gildo Insfr\u00e1n.<\/p>\n<p>&nbsp;<\/p>\n<p>Hasta el momento, el ramillete de mandatarios que anunciaron un bono incluye a San Juan ($ 5.600), Salta ($ 3.600), Tucum\u00e1n ($ 750), Misiones ($ 1.850), San Luis y Corrientes, mientras que La Pampa lo acord\u00f3 ya a mediados de a\u00f1o ($ 5.000). En la otra vereda, el lote de gobernadores que dijo no estar hoy en condiciones de pagar un plus incluye a la bonaerense macrista Mar\u00eda Eugenia Vidal.<\/p>\n<p>&nbsp;<\/p>\n<p>Mientras tanto, crece la efervescencia sindical en pos del pago de un bonus navide\u00f1o. Por caso, ATE llevar\u00e1 adelante ma-\u00f1ana en Neuqu\u00e9n un paro para reclamar a Omar Guti\u00e9rrez (MPN) un plus navide\u00f1o, como el que cerraron los empleados legislativos.<\/p>\n","protected":false},"excerpt":{"rendered":"<p>Mandatarios hacen hincapi\u00e9 en dificultades financieras para hacer frente a reclamos de los gremios locales &nbsp; &nbsp; &nbsp; Pese a que la Casa Rosada mantiene su postura de dar &#8220;libertad de acci\u00f3n&#8221; a las provincias, no cesa el clamor de mandatarios en pos de que el Gobierno de Mauricio Macri los asista financieramente para hacer frente al pago de un bono de fin de a\u00f1o a los trabajadores estatales. &nbsp; Entre quienes elevaron ese planteo -en medio de las urgencias financieras- se encuentra la gobernadora de Catamarca, la justicialista Luc\u00eda&#8230;<\/p>\n","protected":false},"author":3,"featured_media":3817,"comment_status":"closed","ping_status":"closed","sticky":false,"template":"","format":"standard","meta":[],"categories":[2],"tags":[],"_links":{"self":[{"href":"https:\/\/www.actualidadadiario.com\/index.php\/wp-json\/wp\/v2\/posts\/3816"}],"collection":[{"href":"https:\/\/www.actualidadadiario.com\/index.php\/wp-json\/wp\/v2\/posts"}],"about":[{"href":"https:\/\/www.actualidadadiario.com\/index.php\/wp-json\/wp\/v2\/types\/post"}],"author":[{"embeddable":true,"href":"https:\/\/www.actualidadadiario.com\/index.php\/wp-json\/wp\/v2\/users\/3"}],"replies":[{"embeddable":true,"href":"https:\/\/www.actualidadadiario.com\/index.php\/wp-json\/wp\/v2\/comments?post=3816"}],"version-history":[{"count":1,"href":"https:\/\/www.actualidadadiario.com\/index.php\/wp-json\/wp\/v2\/posts\/3816\/revisions"}],"predecessor-version":[{"id":3818,"href":"https:\/\/www.actualidadadiario.com\/index.php\/wp-json\/wp\/v2\/posts\/3816\/revisions\/3818"}],"wp:featuredmedia":[{"embeddable":true,"href":"https:\/\/www.actualidadadiario.com\/index.php\/wp-json\/wp\/v2\/media\/3817"}],"wp:attachment":[{"href":"https:\/\/www.actualidadadiario.com\/index.php\/wp-json\/wp\/v2\/media?parent=3816"}],"wp:term":[{"taxonomy":"category","embeddable":true,"href":"https:\/\/www.actualidadadiario.com\/index.php\/wp-json\/wp\/v2\/categories?post=3816"},{"taxonomy":"post_tag","embeddable":true,"href":"https:\/\/www.actualidadadiario.com\/index.php\/wp-json\/wp\/v2\/tags?post=3816"}],"curies":[{"name":"wp","href":"https:\/\/api.w.org\/{rel}","templated":true}]}}