{"id":3813,"date":"2016-11-03T09:47:14","date_gmt":"2016-11-03T12:47:14","guid":{"rendered":"http:\/\/actualidadadiario.com\/site\/?p=3813"},"modified":"2016-11-03T09:47:14","modified_gmt":"2016-11-03T12:47:14","slug":"la-camara-baja-giro-al-senado-ley-de-superpoderes-acotados","status":"publish","type":"post","link":"https:\/\/www.actualidadadiario.com\/index.php\/2016\/11\/03\/la-camara-baja-giro-al-senado-ley-de-superpoderes-acotados\/","title":{"rendered":"La C\u00e1mara baja gir\u00f3 al Senado ley de &#8220;superpoderes&#8221; acotados"},"content":{"rendered":"<p><em><strong>Con la abrumadora mayor\u00eda de los votos del recinto, la C\u00e1mara de Diputados aprob\u00f3 este jueves y gir\u00f3 al Senado la ley para reducir gradualmente los llamados &#8220;superpoderes&#8221;<\/strong><\/em><\/p>\n<p>&nbsp;<\/p>\n<p>&nbsp;<\/p>\n<p>&nbsp;<\/p>\n<p>&nbsp;<\/p>\n<p>&nbsp;<\/p>\n<p>Tras la aprobaci\u00f3n de la ley de contratos de participaci\u00f3n p\u00fablico privada (PPP) para obra p\u00fablica, en la que Cambiemos se tom\u00f3 revancha luego de que se cayera el tratamiento en la sesi\u00f3n de la semana pasada, la C\u00e1mara Baja le dio media sanci\u00f3n al proyecto que plantea la limitaci\u00f3n al 7,5 por ciento que el Jefe de Gabinete tiene como tope para reasignar partidas presupuestarias en el 2017, acot\u00e1ndose al 5 por ciento a partir del 2018.<\/p>\n<p>&nbsp;<\/p>\n<p>La votaci\u00f3n arroj\u00f3 un resultado contundente a favor de la normativa que modifica el art\u00edculo 37 de la ley de Administraci\u00f3n Financiera: 230 votos afirmativos, seis negativos y ninguna abstenci\u00f3n.<\/p>\n<p>&nbsp;<\/p>\n<p>Originalmente, el Poder Ejecutivo hab\u00eda propuesto que el jefe de Gabinete tuviera facultades delegadas para reestructurar partidas hasta un 10 por ciento del monto total aprobado para el ejercicio del 2017, reduci\u00e9ndose al 7,5 por ciento en 2018, y 5 por ciento a partir del 2019.<\/p>\n<p>&nbsp;<\/p>\n<p>Gestiones del Frente Renovador, en cabeza del diputado Marco Lavagna, lograron mejorar la ecuaci\u00f3n para restringir a\u00fan m\u00e1s los &#8220;superpoderes&#8221;.<\/p>\n<p>&nbsp;<\/p>\n<p>Tambi\u00e9n a instancias del acuerdo con el massismo se estipul\u00f3 en la normativa un tope del 15 por ciento al cambio de jurisdicci\u00f3n, es decir, a aquellas transferencias que impliquen un desv\u00edo de gastos de capital a gastos corrientes.<\/p>\n<p>&nbsp;<\/p>\n<p>A su vez, se incorpor\u00f3 la prohibici\u00f3n al jefe de Gabinete para dise\u00f1ar programas transitorios que puedan ser usados para desviar partidas.<\/p>\n<p>Al dar comienzo al debate en el recinto, el presidente de la comisi\u00f3n de Presupuesto y Hacienda, Luciano Laspina, defendi\u00f3 el proyecto de &#8220;superpoderes&#8221; al se\u00f1alar que reduce &#8220;del 100 al 5 por ciento&#8221; la posibilidad de modificar las partidas.<\/p>\n<p>&nbsp;<\/p>\n<p>&#8220;El Congreso debe recuperar las atribuciones en materia presupuestaria, y para eso tenemos que dar este gran paso de limitaci\u00f3n de los superpoderes&#8221;, recalc\u00f3 Laspina, que insisti\u00f3 en la necesidad de lograr un &#8220;equilibrio con la flexibilidad que requiere el Presupuesto&#8221;.<\/p>\n<p>&nbsp;<\/p>\n<p>En este marco, el diputado macrista sostuvo que durante el kirchnerismo &#8220;el Presupuesto era un dibujo inexplicable&#8221; y que ahora resulta indispensable recuperar &#8220;la soberan\u00eda en materia presupuestaria&#8221;, asegur\u00f3 Laspina.<\/p>\n<p>&nbsp;<\/p>\n<p>El ex ministro de Econom\u00eda Axel Kicillof (FpV-PJ) rechaz\u00f3 el tope del 7,5 por ciento para el 2017 y pidi\u00f3 modificar ese porcentaje al 2 por ciento, propuesta que fue declinada por Laspina.<\/p>\n<p>&nbsp;<\/p>\n<p>El diputado kirchnerista se\u00f1al\u00f3 que en los \u00faltimos a\u00f1os &#8220;los superpoderes no se utilizaban en forma significativa&#8221; para reestructurar partidas y que en efecto no se alcanzaba el 2 por ciento.<\/p>\n<p>&nbsp;<\/p>\n<p>&#8220;Ahora la novedad es que la limitaci\u00f3n de los superpoderes es la ampliaci\u00f3n de los superpoderes&#8221;, ironiz\u00f3.<\/p>\n","protected":false},"excerpt":{"rendered":"<p>Con la abrumadora mayor\u00eda de los votos del recinto, la C\u00e1mara de Diputados aprob\u00f3 este jueves y gir\u00f3 al Senado la ley para reducir gradualmente los llamados &#8220;superpoderes&#8221; &nbsp; &nbsp; &nbsp; &nbsp; &nbsp; Tras la aprobaci\u00f3n de la ley de contratos de participaci\u00f3n p\u00fablico privada (PPP) para obra p\u00fablica, en la que Cambiemos se tom\u00f3 revancha luego de que se cayera el tratamiento en la sesi\u00f3n de la semana pasada, la C\u00e1mara Baja le dio media sanci\u00f3n al proyecto que plantea la limitaci\u00f3n al 7,5 por ciento que el Jefe&#8230;<\/p>\n","protected":false},"author":3,"featured_media":3814,"comment_status":"closed","ping_status":"closed","sticky":false,"template":"","format":"standard","meta":[],"categories":[18],"tags":[],"_links":{"self":[{"href":"https:\/\/www.actualidadadiario.com\/index.php\/wp-json\/wp\/v2\/posts\/3813"}],"collection":[{"href":"https:\/\/www.actualidadadiario.com\/index.php\/wp-json\/wp\/v2\/posts"}],"about":[{"href":"https:\/\/www.actualidadadiario.com\/index.php\/wp-json\/wp\/v2\/types\/post"}],"author":[{"embeddable":true,"href":"https:\/\/www.actualidadadiario.com\/index.php\/wp-json\/wp\/v2\/users\/3"}],"replies":[{"embeddable":true,"href":"https:\/\/www.actualidadadiario.com\/index.php\/wp-json\/wp\/v2\/comments?post=3813"}],"version-history":[{"count":1,"href":"https:\/\/www.actualidadadiario.com\/index.php\/wp-json\/wp\/v2\/posts\/3813\/revisions"}],"predecessor-version":[{"id":3815,"href":"https:\/\/www.actualidadadiario.com\/index.php\/wp-json\/wp\/v2\/posts\/3813\/revisions\/3815"}],"wp:featuredmedia":[{"embeddable":true,"href":"https:\/\/www.actualidadadiario.com\/index.php\/wp-json\/wp\/v2\/media\/3814"}],"wp:attachment":[{"href":"https:\/\/www.actualidadadiario.com\/index.php\/wp-json\/wp\/v2\/media?parent=3813"}],"wp:term":[{"taxonomy":"category","embeddable":true,"href":"https:\/\/www.actualidadadiario.com\/index.php\/wp-json\/wp\/v2\/categories?post=3813"},{"taxonomy":"post_tag","embeddable":true,"href":"https:\/\/www.actualidadadiario.com\/index.php\/wp-json\/wp\/v2\/tags?post=3813"}],"curies":[{"name":"wp","href":"https:\/\/api.w.org\/{rel}","templated":true}]}}