{"id":3807,"date":"2016-11-02T09:42:28","date_gmt":"2016-11-02T12:42:28","guid":{"rendered":"http:\/\/actualidadadiario.com\/site\/?p=3807"},"modified":"2016-11-02T09:42:28","modified_gmt":"2016-11-02T12:42:28","slug":"diputados-debatira-el-primer-presupuesto-del-gobierno-de-mauricio-macri","status":"publish","type":"post","link":"https:\/\/www.actualidadadiario.com\/index.php\/2016\/11\/02\/diputados-debatira-el-primer-presupuesto-del-gobierno-de-mauricio-macri\/","title":{"rendered":"Diputados debatir\u00e1 el primer presupuesto del gobierno de Mauricio Macri"},"content":{"rendered":"<p><em><strong>Fue consensuado con el massismo y el bloque justicialista y prev\u00e9 una pauta de crecimiento de la econom\u00eda del 3,5% para 2017, junto con un ambicioso plan de obras<\/strong><\/em><\/p>\n<p>&nbsp;<\/p>\n<p>&nbsp;<\/p>\n<p>&nbsp;<\/p>\n<p>&nbsp;<\/p>\n<p>El tratamiento del proyecto de gastos y recursos se realizar\u00e1 en forma conjunta con la iniciativa que forma la ley de Administraci\u00f3n Financiera que establece un tope del 7,5% del gasto previsto total para la reasignaci\u00f3n de recursos de parte del Poder Ejecutivo -en base a los superpoderes- sin necesidad de pasar por el Parlamento.<\/p>\n<p>&nbsp;<\/p>\n<p>En la misma sesi\u00f3n especial, que comenzar\u00e1 cerca del mediod\u00eda, los diputados buscar\u00e1n sancionar el proyecto de asociaci\u00f3n p\u00fablica-privada para atraer inversiones para obras de infraestructura que hab\u00eda sido votado por el Senado. Esta norma, como sufri\u00f3 modificaciones respecto al proyecto votado por la C\u00e1mara alta, deber\u00e1 volver en segunda revisi\u00f3n al Senado.<\/p>\n<p>&nbsp;<\/p>\n<p>Una de las modificaciones centrales de este proyecto fue la incorporaci\u00f3n de la figura de \u201ccompre nacional\u201d, por el cual en cada contrato las empresas nacionales deber\u00e1n tener una participaci\u00f3n del 33 por ciento, y la obligaci\u00f3n de que cada obra este contemplada en el presupuesto o se apruebe por una ley.<\/p>\n<p>&nbsp;<\/p>\n<p>La intenci\u00f3n del oficialismo es debatir las tres iniciativas en forma conjunta y cerca de la madrugada votar para cada uno de los proyectos considerados \u201ccentrales\u201d para el Gobierno nacional, para lo cual ya tiene asegurada una mayor\u00eda de votos positivos junto al bloque justicialista y el massismo.<\/p>\n<p>&nbsp;<\/p>\n<p>Para construir este acuerdo fue clave el consenso alcanzado entre el gobierno nacional y los mandatarios provinciales, que se ver\u00e1n beneficiado con una pr\u00f3rroga del vencimiento del capital de sus deudas por dos a\u00f1os, una partida especial del 5.000 millones de pesos que se destinar\u00e1 fondo sojero que se transferir\u00e1 en forma autom\u00e1tica en un 70 por ciento a las provincias y un 30 a los municipios.<\/p>\n<p>&nbsp;<\/p>\n<p>Pero el oficialismo no solo contar\u00e1 con el aval del Frente Renovador, el bloque justicialista que lidera Diego Bossio, sino de varios diputados del FPV como el presidente del PJ Jos\u00e9 Luis Gioja, quien firm\u00f3 el dictamen de mayor\u00eda en disidencia parcial con lo cual marc\u00f3 las diferencias que mantienen con los ultra k y la agrupaci\u00f3n \u201cLa Campora\u201d.<\/p>\n<p>&nbsp;<\/p>\n<p>El dictamen del presupuesto mantuvo las pautas macroecon\u00f3micas que contempla un aumento de 3,5 por ciento, una pauta inflacionaria del 17%, un d\u00f3lar a 18 pesos, un d\u00e9ficit del 4,2 por ciento y una deuda estimada en $ 247.000 millones, con un gasto global 2.363.619.870.574 pesos.<\/p>\n<p>&nbsp;<\/p>\n<p>Tambi\u00e9n el criterio de priorizar el gasto social ya que se sigue destinando el 64% a servicios social y reforzar las partidas para obras p\u00fablicas, que se har\u00e1n con el sistema de contrato p\u00fablico privado, ya que se sumaron emprendimientos de infraestructura claves para las provincias.<\/p>\n<p>&nbsp;<\/p>\n<p>Uno de los cambios sustanciales fue la incorporaci\u00f3n de una suma adicional de $5.000 millones en el Fondo sojero que se distribuir\u00e1 de acuerdo a los \u00edndices de coparticipaci\u00f3n, el 70% a las provincias y el 30 a los municipios, pero tendr\u00e1n el requisito de que se utilicen para obras de infraestructura.<\/p>\n<p>&nbsp;<\/p>\n<p>Otro puntal y que forma parte del acuerdo con los gobernadores fue destinar 8000 millones de pesos para distribuir en forma autom\u00e1ticas para las provincias que conservan las cajas previsionales para cubrir el d\u00e9ficit de las mismas.<\/p>\n","protected":false},"excerpt":{"rendered":"<p>Fue consensuado con el massismo y el bloque justicialista y prev\u00e9 una pauta de crecimiento de la econom\u00eda del 3,5% para 2017, junto con un ambicioso plan de obras &nbsp; &nbsp; &nbsp; &nbsp; El tratamiento del proyecto de gastos y recursos se realizar\u00e1 en forma conjunta con la iniciativa que forma la ley de Administraci\u00f3n Financiera que establece un tope del 7,5% del gasto previsto total para la reasignaci\u00f3n de recursos de parte del Poder Ejecutivo -en base a los superpoderes- sin necesidad de pasar por el Parlamento. &nbsp; En&#8230;<\/p>\n","protected":false},"author":3,"featured_media":3808,"comment_status":"closed","ping_status":"closed","sticky":false,"template":"","format":"standard","meta":[],"categories":[18],"tags":[],"_links":{"self":[{"href":"https:\/\/www.actualidadadiario.com\/index.php\/wp-json\/wp\/v2\/posts\/3807"}],"collection":[{"href":"https:\/\/www.actualidadadiario.com\/index.php\/wp-json\/wp\/v2\/posts"}],"about":[{"href":"https:\/\/www.actualidadadiario.com\/index.php\/wp-json\/wp\/v2\/types\/post"}],"author":[{"embeddable":true,"href":"https:\/\/www.actualidadadiario.com\/index.php\/wp-json\/wp\/v2\/users\/3"}],"replies":[{"embeddable":true,"href":"https:\/\/www.actualidadadiario.com\/index.php\/wp-json\/wp\/v2\/comments?post=3807"}],"version-history":[{"count":1,"href":"https:\/\/www.actualidadadiario.com\/index.php\/wp-json\/wp\/v2\/posts\/3807\/revisions"}],"predecessor-version":[{"id":3809,"href":"https:\/\/www.actualidadadiario.com\/index.php\/wp-json\/wp\/v2\/posts\/3807\/revisions\/3809"}],"wp:featuredmedia":[{"embeddable":true,"href":"https:\/\/www.actualidadadiario.com\/index.php\/wp-json\/wp\/v2\/media\/3808"}],"wp:attachment":[{"href":"https:\/\/www.actualidadadiario.com\/index.php\/wp-json\/wp\/v2\/media?parent=3807"}],"wp:term":[{"taxonomy":"category","embeddable":true,"href":"https:\/\/www.actualidadadiario.com\/index.php\/wp-json\/wp\/v2\/categories?post=3807"},{"taxonomy":"post_tag","embeddable":true,"href":"https:\/\/www.actualidadadiario.com\/index.php\/wp-json\/wp\/v2\/tags?post=3807"}],"curies":[{"name":"wp","href":"https:\/\/api.w.org\/{rel}","templated":true}]}}