{"id":3804,"date":"2016-11-02T09:41:27","date_gmt":"2016-11-02T12:41:27","guid":{"rendered":"http:\/\/actualidadadiario.com\/site\/?p=3804"},"modified":"2016-11-02T09:41:27","modified_gmt":"2016-11-02T12:41:27","slug":"siguen-las-reuniones-para-tratar-el-plan-maderero-entrerriano","status":"publish","type":"post","link":"https:\/\/www.actualidadadiario.com\/index.php\/2016\/11\/02\/siguen-las-reuniones-para-tratar-el-plan-maderero-entrerriano\/","title":{"rendered":"Siguen las reuniones para tratar el plan maderero entrerriano"},"content":{"rendered":"<p><em><strong>Por tercera vez de manera formal se estar\u00e1 analizando hoy en la Legislatura provincial el proyecto de ley del Ejecutivo que impulsa el plan foresto industrial y que ha sido severamente cuestionado<\/strong><\/em><\/p>\n<p>&nbsp;<\/p>\n<p>&nbsp;<\/p>\n<p>&nbsp;<\/p>\n<p>&nbsp;<\/p>\n<p>La semana pasada la Comisi\u00f3n de Producci\u00f3n del Senado tuvo el primer encuentro para iniciar el trabajo formal sobre el proyecto de ley que crea &#8220;en el \u00e1mbito de la provincia de Entre R\u00edos el Plan Maderero Entrerriano, tendiente a la promoci\u00f3n, desarrollo y sostenimiento de la actividad foresto-industrial&#8221;.<\/p>\n<p>&nbsp;<\/p>\n<p>Mario Torres, presidente de la Comisi\u00f3n que esta tarde volver\u00e1 a reunirse para analizar el texto legislativo con diversos interlocutores referentes de entidades gubernamentales y de la sociedad civil interesados en la tem\u00e1tica, ha manifestado que &#8220;queremos una ley consensuada y equilibrada. Es el derrotero que nos trazamos, un desafi\u00f3&#8221;, indic\u00f3, reiterando que &#8220;se va a trabajar en forma conjunta con los diputados&#8221;.<\/p>\n<p>&nbsp;<\/p>\n<p>El legislador de Villaguay anticip\u00f3 que &#8220;se abrir\u00e1n las puertas de la comisi\u00f3n, vamos a o\u00edr las posiciones en defensa del medio ambiente, que es uno de nuestros grandes intereses, como as\u00ed tambi\u00e9n a los empresarios y t\u00e9cnicos especializados. Queremos generar las condiciones para lograr mayor valor agregado en Entre R\u00edos. Es un programa que busca mejorar el perfil entrerriano, lograr inversiones y empleos cuidando el medio ambiente&#8221;, afirm\u00f3 el senador.<\/p>\n<p>&nbsp;<\/p>\n<p>En sendos encuentros, hoy est\u00e1 previsto que los senadores reciban a representantes del Sindicato de Obreros de la Industria Maderera de Entre R\u00edos; la Asociaci\u00f3n Forestal Argentina. (AFOA); Industriales Madereros y Forestales de Entre R\u00edos y Sur de Corrientes. (Imfer) y el Centro de Desarrollo Foresto- Industrial. (Cedefi). Ser\u00e1 a partir de las 16 y se prev\u00e9 que cada encuentro se extienda aproximadamente 30 minutos. En tanto, a partir de las 18 habr\u00e1 un encuentro con ambientalistas que la semana pasada fueron recibidos por la secretaria de Ambiente y el ministro de Producci\u00f3n.<\/p>\n<p>&nbsp;<\/p>\n<p>La semana pasada fueron escuchados los t\u00e9cnicos del Instituto Nacional de Tecnolog\u00eda Agropecuaria sede Concordia. Concretamente expusieron Ciro Mastandrea, coordinador del \u00e1rea Forestal del INTA Concordia, y Mario Flores, que pertenece a la Subsecretar\u00eda de Desarrollo Industrial de la Naci\u00f3n.<\/p>\n<p>&nbsp;<\/p>\n<p>Mastrandrea y Flores indicaron que existen restricciones en relaci\u00f3n al cuidado del medio ambiente. Cuando se trata de implantaciones de m\u00e1s de 100 hect\u00e1reas, se exige un estudio de impacto ambiental previo.<\/p>\n<p>&nbsp;<\/p>\n<p>Adem\u00e1s, en cada provincia hay normas espec\u00edficas sobre el tema, que impactan en los procesos de producci\u00f3n de madera y sobre las decisiones de inversi\u00f3n, como por ejemplo la ley de suelos. Mastandrea brind\u00f3 detalles sobre los tipos y usos de madera, para triturado y aserrado, mostrando cu\u00e1les son los promedios de implantaci\u00f3n.<\/p>\n<p>&nbsp;<\/p>\n<p>Fueron consultados sobre el uso de qu\u00edmicos en las implantaciones. Mostraron un mapa sobre los presupuestos m\u00ednimos de protecci\u00f3n ambiental. En Entre R\u00edos hay un potencial importante sobre la costa del r\u00edo Uruguay, que alcanza hasta el 23 por ciento del territorio.<\/p>\n<p>&nbsp;<\/p>\n<p>Precisaron que zonas del territorio no pueden ser usadas, ya que el desmonte de lo nativo traer\u00eda problemas ambientales. En el nivel nacional hay 1,2 millones de hect\u00e1reas de bosques cultivados, contra 26 millones de bosques nativos y en Entre R\u00edos no est\u00e1 cubierta m\u00e1s del 2 por ciento por implantaciones.<\/p>\n<p>&nbsp;<\/p>\n<p>Destacaron que la industria forestal argentina utiliza m\u00e1s del 90 por ciento de madera de origen cultivado. Todos los presentes coincidieron que no se debe avanzar sobre el bosque nativo.<\/p>\n<p>&nbsp;<\/p>\n<p>Pr\u00e1cticamente no se consume agua de la napa cuando se trata de siembra de eucaliptos, teniendo en cuenta el r\u00e9gimen pluvial de la provincia cada a\u00f1o, se indic\u00f3.<\/p>\n<p>&nbsp;<\/p>\n<p>&nbsp;<\/p>\n<p>Los t\u00e9cnicos respondieron inquietudes de los legisladores con relaci\u00f3n al cuidado del medio ambiente, potencialidad de uso del suelo y cuidado del uso del agua, entre otras inquietudes, por ejemplo, de car\u00e1cter legal y sobre la situaci\u00f3n de la Rep\u00fablica Oriental del Uruguay por el volumen de bosque implantado que tiene en su territorio.<\/p>\n<p>&nbsp;<\/p>\n<p>Se explayaron adem\u00e1s en detalles de la industria forestal de la Argentina, donde Entre R\u00edos tiene una participaci\u00f3n importante junto a Corrientes y Misiones. Mencionaron que el 54 por ciento de lo implantado es con\u00edfera y que Corrientes es la provincia m\u00e1s importante, le sigue Misiones, luego Entre R\u00edos y posteriormente la provincia de Buenos Aires.<\/p>\n<p>&nbsp;<\/p>\n<p>En cuanto al desarrollo de industrias, aserraderos y tableros, Entre R\u00edos es la segunda en importancia a nivel pa\u00eds. En cuanto a la industria del mueble est\u00e1 ubicada en Santa Fe y Buenos Aires, es decir que a esa zona es derivada la madera que se trata en primer lugar en Entre R\u00edos.<\/p>\n<p>&nbsp;<\/p>\n<p>&#8220;Nuestra zona es productora de tablas y de postes&#8221;, indicaron los especialistas. En relaci\u00f3n al material restante se usa para tableros y se compra en una porci\u00f3n m\u00ednima, para celulosa desde la provincia de Santa Fe.<\/p>\n<p>&nbsp;<\/p>\n<p>Lo \u00fanico que no se comercializa desde la provincia es la corteza, por lo que se est\u00e1 estudiando el destino en estos momentos. Los legisladores de ambos bloques explicaron que &#8220;hay que pensar en lograr mayor rentabilidad y con ello inversiones, en una inversi\u00f3n de largo plazo&#8221;.<\/p>\n<p>&nbsp;<\/p>\n<p>Despu\u00e9s de las cuestiones generales los ingenieros mostraron detalles del sector foresto industrial en Entre R\u00edos. Hay 125.000 hect\u00e1reas analizadas, de las que el 49 por ciento est\u00e1 en Concordia y el 37 por ciento en el departamento Col\u00f3n, el resto en otros departamentos cercanos. Cuentan con estudios que muestran que hay 250.000 hect\u00e1reas potenciales para implantaci\u00f3n, seg\u00fan algunos relevamientos de 2008\/2009.<\/p>\n<p>Hay tres plantas de tableros, una planta de pellets, 13 plantas impregnadoras (postes para todo el pa\u00eds) y 220 aserraderos.<\/p>\n<p>&nbsp;<\/p>\n<p>Mostraron los tipos de suelos que hay en Entre R\u00edos, detallando las superficies que podr\u00edan ser potencialmente aptas para recibir inversiones forestales. Una de las preocupaciones que mostraron los legisladores estuvo centrada en el impacto sobre la poblaci\u00f3n que vive en zonas que podr\u00edan ser utilizadas para implantaci\u00f3n en un futuro mediato.<\/p>\n<p>&nbsp;<\/p>\n<p>Los t\u00e9cnicos mencionaron que los trabajos sobre espacios potencialmente aptos han sido ampliados en los \u00faltimos a\u00f1os. A los efectos de la presentaci\u00f3n se tomaron los datos con los que contaban al momento de la invitaci\u00f3n de los legisladores.<\/p>\n","protected":false},"excerpt":{"rendered":"<p>Por tercera vez de manera formal se estar\u00e1 analizando hoy en la Legislatura provincial el proyecto de ley del Ejecutivo que impulsa el plan foresto industrial y que ha sido severamente cuestionado &nbsp; &nbsp; &nbsp; &nbsp; La semana pasada la Comisi\u00f3n de Producci\u00f3n del Senado tuvo el primer encuentro para iniciar el trabajo formal sobre el proyecto de ley que crea &#8220;en el \u00e1mbito de la provincia de Entre R\u00edos el Plan Maderero Entrerriano, tendiente a la promoci\u00f3n, desarrollo y sostenimiento de la actividad foresto-industrial&#8221;. &nbsp; Mario Torres, presidente de&#8230;<\/p>\n","protected":false},"author":3,"featured_media":3805,"comment_status":"closed","ping_status":"closed","sticky":false,"template":"","format":"standard","meta":[],"categories":[15],"tags":[],"_links":{"self":[{"href":"https:\/\/www.actualidadadiario.com\/index.php\/wp-json\/wp\/v2\/posts\/3804"}],"collection":[{"href":"https:\/\/www.actualidadadiario.com\/index.php\/wp-json\/wp\/v2\/posts"}],"about":[{"href":"https:\/\/www.actualidadadiario.com\/index.php\/wp-json\/wp\/v2\/types\/post"}],"author":[{"embeddable":true,"href":"https:\/\/www.actualidadadiario.com\/index.php\/wp-json\/wp\/v2\/users\/3"}],"replies":[{"embeddable":true,"href":"https:\/\/www.actualidadadiario.com\/index.php\/wp-json\/wp\/v2\/comments?post=3804"}],"version-history":[{"count":1,"href":"https:\/\/www.actualidadadiario.com\/index.php\/wp-json\/wp\/v2\/posts\/3804\/revisions"}],"predecessor-version":[{"id":3806,"href":"https:\/\/www.actualidadadiario.com\/index.php\/wp-json\/wp\/v2\/posts\/3804\/revisions\/3806"}],"wp:featuredmedia":[{"embeddable":true,"href":"https:\/\/www.actualidadadiario.com\/index.php\/wp-json\/wp\/v2\/media\/3805"}],"wp:attachment":[{"href":"https:\/\/www.actualidadadiario.com\/index.php\/wp-json\/wp\/v2\/media?parent=3804"}],"wp:term":[{"taxonomy":"category","embeddable":true,"href":"https:\/\/www.actualidadadiario.com\/index.php\/wp-json\/wp\/v2\/categories?post=3804"},{"taxonomy":"post_tag","embeddable":true,"href":"https:\/\/www.actualidadadiario.com\/index.php\/wp-json\/wp\/v2\/tags?post=3804"}],"curies":[{"name":"wp","href":"https:\/\/api.w.org\/{rel}","templated":true}]}}