{"id":3798,"date":"2016-11-02T09:39:41","date_gmt":"2016-11-02T12:39:41","guid":{"rendered":"http:\/\/actualidadadiario.com\/site\/?p=3798"},"modified":"2016-11-02T09:39:41","modified_gmt":"2016-11-02T12:39:41","slug":"el-cura-juan-diego-se-entrego-y-quedo-detenido-en-nogoya","status":"publish","type":"post","link":"https:\/\/www.actualidadadiario.com\/index.php\/2016\/11\/02\/el-cura-juan-diego-se-entrego-y-quedo-detenido-en-nogoya\/","title":{"rendered":"El cura Juan Diego se entreg\u00f3 y qued\u00f3 detenido en Nogoy\u00e1"},"content":{"rendered":"<p><em><strong>Tras dictarse la orden de detenci\u00f3n nacional e internacional, los abogados del cura confirmaron que se entreg\u00f3 voluntariamente en Nogoy\u00e1. Qued\u00f3 alojado en la Jefatura Departamental de Polic\u00eda<\/strong><\/em><\/p>\n<p>&nbsp;<\/p>\n<p>&nbsp;<\/p>\n<p>&nbsp;<\/p>\n<p>&nbsp;<\/p>\n<p>El juez de Garant\u00edas y de Transici\u00f3n de Nogoy\u00e1, Gustavo Acosta, dict\u00f3 este martes la orden de detenci\u00f3n nacional e internacional para el cura p\u00e1rroco de Lucas Gonz\u00e1lez, Juan Diego Escobar Gaviria, acusado de abusos a menores. Para tomar la decisi\u00f3n, fue determinante el testimonio en C\u00e1mara Gesell de la primera de las v\u00edctimas.<\/p>\n<p>&nbsp;<\/p>\n<p>Seg\u00fan confirmaron sus abogados, Milton Urrutia y Juan Pablo Tem\u00f3n, el sacerdote se entreg\u00f3 voluntariamente en la comisar\u00eda de Nogoy\u00e1, antes de las 21. Permanecer\u00e1 alojado en Jefatura y este mi\u00e9rcoles &#8220;tendr\u00e1 la declaraci\u00f3n de imputado&#8221;. Adem\u00e1s, indicaron que Escobar Gavir\u00eda estuvo realizando en las \u00faltimas horas un retiro espiritual en Rosario. Se mostr\u00f3 sorprendido por la denuncia y orden de captura que pesaba en su contra, pero se encuentra &#8220;tranquilo&#8221;, a la espera del avance de la causa.<\/p>\n<p>&nbsp;<\/p>\n<p>Por otra parte, esta tarde se concretaron allanamientos en la casa parroquial de Lucas Gonz\u00e1lez y se secuestraron dos computadoras.<\/p>\n<p>&nbsp;<\/p>\n<p>Asimismo, este lunes por la noche en Lucas Gonz\u00e1lez marcharon a favor del cura. Unos 200 vecinos marcharon y rezaron por el pronto esclarecimiento del caso, al que consideran como &#8220;una injuria&#8221; hacia el sacerdote.<\/p>\n","protected":false},"excerpt":{"rendered":"<p>Tras dictarse la orden de detenci\u00f3n nacional e internacional, los abogados del cura confirmaron que se entreg\u00f3 voluntariamente en Nogoy\u00e1. Qued\u00f3 alojado en la Jefatura Departamental de Polic\u00eda &nbsp; &nbsp; &nbsp; &nbsp; El juez de Garant\u00edas y de Transici\u00f3n de Nogoy\u00e1, Gustavo Acosta, dict\u00f3 este martes la orden de detenci\u00f3n nacional e internacional para el cura p\u00e1rroco de Lucas Gonz\u00e1lez, Juan Diego Escobar Gaviria, acusado de abusos a menores. Para tomar la decisi\u00f3n, fue determinante el testimonio en C\u00e1mara Gesell de la primera de las v\u00edctimas. &nbsp; Seg\u00fan confirmaron sus&#8230;<\/p>\n","protected":false},"author":3,"featured_media":3799,"comment_status":"closed","ping_status":"closed","sticky":false,"template":"","format":"standard","meta":[],"categories":[4],"tags":[],"_links":{"self":[{"href":"https:\/\/www.actualidadadiario.com\/index.php\/wp-json\/wp\/v2\/posts\/3798"}],"collection":[{"href":"https:\/\/www.actualidadadiario.com\/index.php\/wp-json\/wp\/v2\/posts"}],"about":[{"href":"https:\/\/www.actualidadadiario.com\/index.php\/wp-json\/wp\/v2\/types\/post"}],"author":[{"embeddable":true,"href":"https:\/\/www.actualidadadiario.com\/index.php\/wp-json\/wp\/v2\/users\/3"}],"replies":[{"embeddable":true,"href":"https:\/\/www.actualidadadiario.com\/index.php\/wp-json\/wp\/v2\/comments?post=3798"}],"version-history":[{"count":1,"href":"https:\/\/www.actualidadadiario.com\/index.php\/wp-json\/wp\/v2\/posts\/3798\/revisions"}],"predecessor-version":[{"id":3800,"href":"https:\/\/www.actualidadadiario.com\/index.php\/wp-json\/wp\/v2\/posts\/3798\/revisions\/3800"}],"wp:featuredmedia":[{"embeddable":true,"href":"https:\/\/www.actualidadadiario.com\/index.php\/wp-json\/wp\/v2\/media\/3799"}],"wp:attachment":[{"href":"https:\/\/www.actualidadadiario.com\/index.php\/wp-json\/wp\/v2\/media?parent=3798"}],"wp:term":[{"taxonomy":"category","embeddable":true,"href":"https:\/\/www.actualidadadiario.com\/index.php\/wp-json\/wp\/v2\/categories?post=3798"},{"taxonomy":"post_tag","embeddable":true,"href":"https:\/\/www.actualidadadiario.com\/index.php\/wp-json\/wp\/v2\/tags?post=3798"}],"curies":[{"name":"wp","href":"https:\/\/api.w.org\/{rel}","templated":true}]}}