{"id":3795,"date":"2016-11-02T09:38:52","date_gmt":"2016-11-02T12:38:52","guid":{"rendered":"http:\/\/actualidadadiario.com\/site\/?p=3795"},"modified":"2016-11-02T09:38:52","modified_gmt":"2016-11-02T12:38:52","slug":"monitoreo-a-upm-botnia-confirma-contaminacion-en-el-rio-uruguay","status":"publish","type":"post","link":"https:\/\/www.actualidadadiario.com\/index.php\/2016\/11\/02\/monitoreo-a-upm-botnia-confirma-contaminacion-en-el-rio-uruguay\/","title":{"rendered":"Monitoreo a UPM-Botnia confirma &#8220;contaminaci\u00f3n&#8221; en el r\u00edo Uruguay"},"content":{"rendered":"<p><em><strong>Seis a\u00f1os despu\u00e9s de que la Corte Internacional de La Haya exigiera a la difusi\u00f3n de un monitoreo conjunto de impacto ambiental, se conoci\u00f3 el informe que revela &#8220;desbalance ambiental y contaminaci\u00f3n leve&#8221; en ambas m\u00e1rgenes del r\u00edo Uruguay<\/strong><\/em><\/p>\n<p>&nbsp;<\/p>\n<p>&nbsp;<\/p>\n<p>&nbsp;<\/p>\n<p>Seis a\u00f1os despu\u00e9s de que la Corte Internacional de La Haya exigiera a la Argentina y Uruguay la difusi\u00f3n de un monitoreo conjunto de impacto ambiental por el conflicto de la pastera UPM (ex Botnia) de Fray Bentos, hoy se dar\u00e1 a conocer el informe que revela un &#8220;desbalance ambiental&#8221; y una &#8220;contaminaci\u00f3n leve&#8221; en ambas m\u00e1rgenes del r\u00edo Uruguay.<\/p>\n<p>&nbsp;<\/p>\n<p>Seg\u00fan fuentes de las diplomacias de Uruguay y de la Argentina, el informe de monitoreo se dar\u00e1 a conocer esta tarde y revela por primera vez desde que lo reclam\u00f3 Buenos Aires que hay una contaminaci\u00f3n en el r\u00edo fronterizo. Pero del documento elaborado por un laboratorio binacional de la Comisi\u00f3n Administradora del R\u00edo Uruguay (CARU) se desprende que el nivel de contaminaci\u00f3n en el agua no se debe s\u00f3lo a los efluentes de la pastera UPM, sino tambi\u00e9n a los desechos encontrados en la desembocadura del r\u00edo Gualeguaych\u00fa. En este caso, el informe de monitoreo revelar\u00e1 que la contaminaci\u00f3n es leve y que podr\u00e1 ser corregida en el futuro inmediato. Seg\u00fan se supo, el nivel de contaminaci\u00f3n no resultar\u00eda peligroso para la salud de los habitantes aleda\u00f1os al r\u00edo internacional.<\/p>\n<p>&nbsp;<\/p>\n<p>Seg\u00fan se desprende del informe, &#8220;los efluentes obedecen a las condiciones de concentraci\u00f3n, a excepci\u00f3n de eventos puntuales de superaci\u00f3n del f\u00f3sforo total&#8221;. Esto significa que hay niveles de saturaci\u00f3n del agua que no son los normales.<\/p>\n<p>&nbsp;<\/p>\n<p>La realizaci\u00f3n de este informe se bas\u00f3 en un monitoreo cient\u00edfico binacional efectuado sobre 50 muestras de los efluentes de la pastera UPM, 50 registros de la desembocadura del r\u00edo Gualeguaych\u00fa y 32 ingresos en el \u00e1rea de influencia en el r\u00edo Uruguay. Estas muestras se tomaron entre junio de 2011 y julio de 2015. Pero por las diferencias pol\u00edticas que el gobierno de Cristina Kirchner y Jos\u00e9 Mujica manten\u00edan nunca se hab\u00edan hecho p\u00fablicos.<\/p>\n<p>&nbsp;<\/p>\n<p>&#8220;Hay un reconocimiento de una leve contaminaci\u00f3n de ambos m\u00e1rgenes del r\u00edo Uruguay que no corresponden s\u00f3lo a la pastera Botnia y que tambi\u00e9n se registran del lado argentino. Lo importante ahora es trabajar para reducir esos niveles de contaminaci\u00f3n en todos lados&#8221;, expres\u00f3 a La Naci\u00f3n un funcionario del gobierno argentino.<\/p>\n<p>&nbsp;<\/p>\n<p>Desde Montevideo, fuentes diplom\u00e1ticas aclararon que los niveles de contaminaci\u00f3n &#8220;son bajos&#8221; y &#8220;claramente posibles de ser corregidos&#8221;.<\/p>\n<p>&nbsp;<\/p>\n<p>A la vez, tanto en Buenos Aires como en Montevideo aclararon que &#8220;no hay peligro alguno&#8221; de una contaminaci\u00f3n que ponga en riesgo la vida de las personas. &#8220;Las aguas del r\u00edo no son las de una botella de agua mineral. Pero esto no ocurre por la planta de Botnia, sino porque todo el r\u00edo est\u00e1 con niveles de saturaci\u00f3n de f\u00f3sforo propios de un lugar que recibe desechos de todos lados&#8221;, justific\u00f3 ayer un encumbrado funcionario de la Casa Rosada.<\/p>\n","protected":false},"excerpt":{"rendered":"<p>Seis a\u00f1os despu\u00e9s de que la Corte Internacional de La Haya exigiera a la difusi\u00f3n de un monitoreo conjunto de impacto ambiental, se conoci\u00f3 el informe que revela &#8220;desbalance ambiental y contaminaci\u00f3n leve&#8221; en ambas m\u00e1rgenes del r\u00edo Uruguay &nbsp; &nbsp; &nbsp; Seis a\u00f1os despu\u00e9s de que la Corte Internacional de La Haya exigiera a la Argentina y Uruguay la difusi\u00f3n de un monitoreo conjunto de impacto ambiental por el conflicto de la pastera UPM (ex Botnia) de Fray Bentos, hoy se dar\u00e1 a conocer el informe que revela un&#8230;<\/p>\n","protected":false},"author":3,"featured_media":3796,"comment_status":"closed","ping_status":"closed","sticky":false,"template":"","format":"standard","meta":[],"categories":[4],"tags":[],"_links":{"self":[{"href":"https:\/\/www.actualidadadiario.com\/index.php\/wp-json\/wp\/v2\/posts\/3795"}],"collection":[{"href":"https:\/\/www.actualidadadiario.com\/index.php\/wp-json\/wp\/v2\/posts"}],"about":[{"href":"https:\/\/www.actualidadadiario.com\/index.php\/wp-json\/wp\/v2\/types\/post"}],"author":[{"embeddable":true,"href":"https:\/\/www.actualidadadiario.com\/index.php\/wp-json\/wp\/v2\/users\/3"}],"replies":[{"embeddable":true,"href":"https:\/\/www.actualidadadiario.com\/index.php\/wp-json\/wp\/v2\/comments?post=3795"}],"version-history":[{"count":1,"href":"https:\/\/www.actualidadadiario.com\/index.php\/wp-json\/wp\/v2\/posts\/3795\/revisions"}],"predecessor-version":[{"id":3797,"href":"https:\/\/www.actualidadadiario.com\/index.php\/wp-json\/wp\/v2\/posts\/3795\/revisions\/3797"}],"wp:featuredmedia":[{"embeddable":true,"href":"https:\/\/www.actualidadadiario.com\/index.php\/wp-json\/wp\/v2\/media\/3796"}],"wp:attachment":[{"href":"https:\/\/www.actualidadadiario.com\/index.php\/wp-json\/wp\/v2\/media?parent=3795"}],"wp:term":[{"taxonomy":"category","embeddable":true,"href":"https:\/\/www.actualidadadiario.com\/index.php\/wp-json\/wp\/v2\/categories?post=3795"},{"taxonomy":"post_tag","embeddable":true,"href":"https:\/\/www.actualidadadiario.com\/index.php\/wp-json\/wp\/v2\/tags?post=3795"}],"curies":[{"name":"wp","href":"https:\/\/api.w.org\/{rel}","templated":true}]}}