{"id":3792,"date":"2016-11-02T09:38:04","date_gmt":"2016-11-02T12:38:04","guid":{"rendered":"http:\/\/actualidadadiario.com\/site\/?p=3792"},"modified":"2016-11-02T09:38:04","modified_gmt":"2016-11-02T12:38:04","slug":"desde-el-cge-lanzan-el-programa-para-la-extension-de-la-jornada-escolar","status":"publish","type":"post","link":"https:\/\/www.actualidadadiario.com\/index.php\/2016\/11\/02\/desde-el-cge-lanzan-el-programa-para-la-extension-de-la-jornada-escolar\/","title":{"rendered":"Desde el CGE lanzan el programa para la extensi\u00f3n de la jornada escolar"},"content":{"rendered":"<p><em><strong>Se realiz\u00f3 el lanzamiento del programa La Escuela Sale de La Escuela, en las ciudades de San Jos\u00e9 de Feliciano y en Santa Elena. El mismo consiste en la extensi\u00f3n de la jornada escolar, teniendo como eje la educaci\u00f3n, que se puede dar en otros \u00e1mbitos, en otros espacios<\/strong><\/em><\/p>\n<p>&nbsp;<\/p>\n<p>&nbsp;<\/p>\n<p>&nbsp;<\/p>\n<p>&nbsp;<\/p>\n<p>Los principales ejes de la jornada extendida son el apoyo escolar, el arte y el deporte; as\u00ed los chicos estar\u00e1n acompa\u00f1ados en sus trayectorias escolares, podr\u00e1n ampliar sus universos culturales y adem\u00e1s acceder a actividades deportivas.<\/p>\n<p>&nbsp;<\/p>\n<p>En ese marco, el evento en la localidad de San Jos\u00e9 de Feliciano se realiz\u00f3 en la Casa del Bicentenario y participaron la presidenta Municipal, Silvia Moreno, la directora departamental, Ester Gonz\u00e1lez, la vocal Rita Nievas, la directora de Educaci\u00f3n Secundaria M\u00f3nica Palacios, el referente provincial del programa Exequiel Remedi y toda la comunidad educativa de las escuelas involucradas en el programa.<\/p>\n<p>&nbsp;<\/p>\n<p>En esa instancia, las autoridades provinciales y municipales, junto a directivos de las escuelas secundarias N\u00ba 2 y N\u00b0 7 firmaron un acta acuerdo para la implementaci\u00f3n del programa \u201cLa Escuela sale de la Escuela\u201d.<\/p>\n<p>&nbsp;<\/p>\n<p>Mientras que en Santa Elena, el acto se concret\u00f3 en la Escuela Secundaria 8, General Manuel Belgrano, del cual participaron el vice intendente, Amilcar Genre Bert, la directora departamental, Norma Dasso, la vocal del CGE, Rita Nievas, la directora de Educaci\u00f3n Secundaria, M\u00f3nica Palacios, el referente provincial del programa, Exequiel Remedi, y toda la comunidad educativa de la instituci\u00f3n, involucrada en el programa. Luego de las palabras de bienvenida se present\u00f3 a los docentes encargados de llevar adelante los talleres.<\/p>\n<p>&nbsp;<\/p>\n<p>En ambos actos se remarc\u00f3 la importancia del trabajo articulado entre municipio y provincia, lo valioso de trabajar en equipo para que de esta manera toda la comunidad se vea contenida y acompa\u00f1ada en su trayectoria por el sistema educativo y as\u00ed seguir ampliando su universo cultural con contenidos acordes a las necesidades de cada estudiante.<\/p>\n","protected":false},"excerpt":{"rendered":"<p>Se realiz\u00f3 el lanzamiento del programa La Escuela Sale de La Escuela, en las ciudades de San Jos\u00e9 de Feliciano y en Santa Elena. El mismo consiste en la extensi\u00f3n de la jornada escolar, teniendo como eje la educaci\u00f3n, que se puede dar en otros \u00e1mbitos, en otros espacios &nbsp; &nbsp; &nbsp; &nbsp; Los principales ejes de la jornada extendida son el apoyo escolar, el arte y el deporte; as\u00ed los chicos estar\u00e1n acompa\u00f1ados en sus trayectorias escolares, podr\u00e1n ampliar sus universos culturales y adem\u00e1s acceder a actividades deportivas. &nbsp;&#8230;<\/p>\n","protected":false},"author":3,"featured_media":3793,"comment_status":"closed","ping_status":"closed","sticky":false,"template":"","format":"standard","meta":[],"categories":[15],"tags":[],"_links":{"self":[{"href":"https:\/\/www.actualidadadiario.com\/index.php\/wp-json\/wp\/v2\/posts\/3792"}],"collection":[{"href":"https:\/\/www.actualidadadiario.com\/index.php\/wp-json\/wp\/v2\/posts"}],"about":[{"href":"https:\/\/www.actualidadadiario.com\/index.php\/wp-json\/wp\/v2\/types\/post"}],"author":[{"embeddable":true,"href":"https:\/\/www.actualidadadiario.com\/index.php\/wp-json\/wp\/v2\/users\/3"}],"replies":[{"embeddable":true,"href":"https:\/\/www.actualidadadiario.com\/index.php\/wp-json\/wp\/v2\/comments?post=3792"}],"version-history":[{"count":1,"href":"https:\/\/www.actualidadadiario.com\/index.php\/wp-json\/wp\/v2\/posts\/3792\/revisions"}],"predecessor-version":[{"id":3794,"href":"https:\/\/www.actualidadadiario.com\/index.php\/wp-json\/wp\/v2\/posts\/3792\/revisions\/3794"}],"wp:featuredmedia":[{"embeddable":true,"href":"https:\/\/www.actualidadadiario.com\/index.php\/wp-json\/wp\/v2\/media\/3793"}],"wp:attachment":[{"href":"https:\/\/www.actualidadadiario.com\/index.php\/wp-json\/wp\/v2\/media?parent=3792"}],"wp:term":[{"taxonomy":"category","embeddable":true,"href":"https:\/\/www.actualidadadiario.com\/index.php\/wp-json\/wp\/v2\/categories?post=3792"},{"taxonomy":"post_tag","embeddable":true,"href":"https:\/\/www.actualidadadiario.com\/index.php\/wp-json\/wp\/v2\/tags?post=3792"}],"curies":[{"name":"wp","href":"https:\/\/api.w.org\/{rel}","templated":true}]}}