{"id":3776,"date":"2016-11-02T09:33:39","date_gmt":"2016-11-02T12:33:39","guid":{"rendered":"http:\/\/actualidadadiario.com\/site\/?p=3776"},"modified":"2016-11-02T09:33:39","modified_gmt":"2016-11-02T12:33:39","slug":"exponen-en-parana-libros-para-ninos-y-jovenes-prohibidos-en-la-dictadura","status":"publish","type":"post","link":"https:\/\/www.actualidadadiario.com\/index.php\/2016\/11\/02\/exponen-en-parana-libros-para-ninos-y-jovenes-prohibidos-en-la-dictadura\/","title":{"rendered":"Exponen en Paran\u00e1 libros para ni\u00f1os y j\u00f3venes prohibidos en la dictadura"},"content":{"rendered":"<p><em><strong>Del 3 al 9 de noviembre se expondr\u00e1 en Paran\u00e1 la muestra titulada \u201c40 a\u00f1os del Golpe (1976 \u2013 2016). Libros prohibidos para ni\u00f1os y j\u00f3venes\u201d. Se trata de m\u00e1s de 140 libros y documentos recuperados, que forman parte de la Biblioteca y Centro de Documentaci\u00f3n de la Asociaci\u00f3n La Nube y que fueron prohibidos por la\u00a0 \u00faltima dictadura militar en Argentina. La actividad es organizada en forma conjunta por la Facultad de Ciencias de la Educaci\u00f3n (FCE) y la Editorial de la Universidad Nacional de Entre R\u00edos (EDUNER), con el auspicio de la Secretar\u00eda de Cultura de Entre R\u00edos<\/strong><\/em><\/p>\n<p>&nbsp;<\/p>\n<p>&nbsp;<\/p>\n<p>&nbsp;<\/p>\n<p>&nbsp;<\/p>\n<p>&nbsp;<\/p>\n<p>&nbsp;<\/p>\n<p>La exposici\u00f3n, que exhibe la censura ejercida por la dictadura sobre el campo cultural, ser\u00e1 inaugurada este jueves 3 de noviembre a las 19.30 en el Museo Hist\u00f3rico de Entre R\u00edos Martiniano Leguizam\u00f3n (Buenos Aires 286, esquina Laprida). En los d\u00edas siguientes, la Secretar\u00eda de Extensi\u00f3n y Cultura de la FCE, junto con la Editorial de la Universidad Nacional de Entre R\u00edos (EDUNER) y el Museo Hist\u00f3rico realizar\u00e1n actividades destinadas a alumnos de escuelas secundarias de la ciudad y conferencias de especialistas en relaci\u00f3n al tema.<\/p>\n<p>&nbsp;<\/p>\n<p>Esta iniciativa cuenta con el auspicio de las secretar\u00edas de Cultura y de Ni\u00f1ez, Familia y Discapacidad de Entre R\u00edos; y la adhesi\u00f3n de la Biblioteca Popular Caminantes, el Registro \u00danico de la Verdad de Entre R\u00edos y la Asociaci\u00f3n Gremial del Magisterio de Entre R\u00edos (Agmer).<\/p>\n<p>&nbsp;<\/p>\n<p>&nbsp;<\/p>\n<p>&nbsp;<\/p>\n<p>&nbsp;<\/p>\n<p><strong>Programa de actividades<\/strong><\/p>\n<p>Jueves 3 de noviembre | 19:30 | Inauguraci\u00f3n \u2013 Museo Hist\u00f3rico \u201cMartiniano Leguizam\u00f3n\u201d (Buenos Aires 286, esquina Laprida).<\/p>\n<p>&nbsp;<\/p>\n<p>Viernes 4 de noviembre | 15:00 a 17:00 | Actividad dirigida a grupos de estudiantes secundarios por el equipo de animadores culturales de la muestra \u2013 Museo Hist\u00f3rico y Aula E3 de FCEDU.<\/p>\n<p>17:00 | Obra de Teatro \u201cEl Nieto\u201d \u2013 Auditorio \u201cRodolfo Walsh\u201d de FCEDU | Funci\u00f3n- debate para docentes y estudiantes, con la presencia de la directora Silvina Fontelles e integrantes de HIJOS.<\/p>\n<p>18:30 | Conferencia del maestro Pablo Medina. Fundador del Centro de Documentaci\u00f3n La Nube, investigador y curador de la Exposici\u00f3n \u201c40 a\u00f1os del Golpe (1976 \u2013 2016). Libros prohibidos para ni\u00f1os y j\u00f3venes\u201d.<\/p>\n<p>&nbsp;<\/p>\n<p>Martes 8 de noviembre | 9:00 a 11:00 | Actividad dirigida a grupos de estudiantes secundarios por el equipo de animadores culturales de la muestra \u2013 Museo Hist\u00f3rico y Aula E5 de FCEDU<\/p>\n<p>19:00 a 22:00 | Conferencia sobre Dictadura y Universidad \u2013 Dra. Carolina Kauffman y Mg. Delfina Doval \u2013 Aula E3 FCEDU<\/p>\n<p>&nbsp;<\/p>\n<p>Mi\u00e9rcoles 9 de noviembre | 17: 30 | Conferencia: \u201cInfancias, derechos, emancipaci\u00f3n\u201d \u2013 Dra. Alicia Entel.<\/p>\n<p>&nbsp;<\/p>\n<p>Viernes 4, Jueves 10 y Viernes 11| 20:30 |\u00a0 Obra de Teatro \u201cEl Nieto\u201d \u2013 Auditorio \u201cRodolfo Walsh\u201d de FCEDU | Funci\u00f3n general (Entrada: $60 \u2013 Sin costo para la comunidad de FCEDU)<\/p>\n<p>&nbsp;<\/p>\n<p>&nbsp;<\/p>\n<p>&nbsp;<\/p>\n<p><strong>Horarios de visita a la Exposici\u00f3n<\/strong><\/p>\n<p>De martes a viernes de 8:00 a 12:30 y de 15:30 a 20:00<\/p>\n<p>S\u00e1bados de 9:00 a 12:00 y de 16:00 a 19:00<\/p>\n<p>Domingos de 9:00 a 12:00<\/p>\n<p>&nbsp;<\/p>\n<p>&nbsp;<\/p>\n<p>&nbsp;<\/p>\n<p>&nbsp;<\/p>\n<p><strong>Informes<\/strong><\/p>\n<p>Museo Hist\u00f3rico de Entre R\u00edos &#8220;Martiniano Leguizam\u00f3n&#8221;<\/p>\n<p>Direcci\u00f3n: Laprida y Buenos Aires &#8211; Paran\u00e1 &#8211; Entre R\u00edos &#8211; Argentina<\/p>\n<p>Tel: +54 (0343) 4207869<\/p>\n<p>Correo electr\u00f3nico: museomleguizamon@yahoo.com<\/p>\n<p>&nbsp;<\/p>\n<p>Secretar\u00eda de Extensi\u00f3n y Cultura \u2013 Facultad de Ciencias de la Educaci\u00f3n<\/p>\n<p>Direcci\u00f3n: Alameda de la Federaci\u00f3n 106 \u2013 Paran\u00e1, Entre R\u00edos<\/p>\n<p>Tel: +54 0343 4222033<\/p>\n","protected":false},"excerpt":{"rendered":"<p>Del 3 al 9 de noviembre se expondr\u00e1 en Paran\u00e1 la muestra titulada \u201c40 a\u00f1os del Golpe (1976 \u2013 2016). Libros prohibidos para ni\u00f1os y j\u00f3venes\u201d. Se trata de m\u00e1s de 140 libros y documentos recuperados, que forman parte de la Biblioteca y Centro de Documentaci\u00f3n de la Asociaci\u00f3n La Nube y que fueron prohibidos por la\u00a0 \u00faltima dictadura militar en Argentina. La actividad es organizada en forma conjunta por la Facultad de Ciencias de la Educaci\u00f3n (FCE) y la Editorial de la Universidad Nacional de Entre R\u00edos (EDUNER), con&#8230;<\/p>\n","protected":false},"author":3,"featured_media":3777,"comment_status":"closed","ping_status":"closed","sticky":false,"template":"","format":"standard","meta":[],"categories":[4],"tags":[],"_links":{"self":[{"href":"https:\/\/www.actualidadadiario.com\/index.php\/wp-json\/wp\/v2\/posts\/3776"}],"collection":[{"href":"https:\/\/www.actualidadadiario.com\/index.php\/wp-json\/wp\/v2\/posts"}],"about":[{"href":"https:\/\/www.actualidadadiario.com\/index.php\/wp-json\/wp\/v2\/types\/post"}],"author":[{"embeddable":true,"href":"https:\/\/www.actualidadadiario.com\/index.php\/wp-json\/wp\/v2\/users\/3"}],"replies":[{"embeddable":true,"href":"https:\/\/www.actualidadadiario.com\/index.php\/wp-json\/wp\/v2\/comments?post=3776"}],"version-history":[{"count":1,"href":"https:\/\/www.actualidadadiario.com\/index.php\/wp-json\/wp\/v2\/posts\/3776\/revisions"}],"predecessor-version":[{"id":3778,"href":"https:\/\/www.actualidadadiario.com\/index.php\/wp-json\/wp\/v2\/posts\/3776\/revisions\/3778"}],"wp:featuredmedia":[{"embeddable":true,"href":"https:\/\/www.actualidadadiario.com\/index.php\/wp-json\/wp\/v2\/media\/3777"}],"wp:attachment":[{"href":"https:\/\/www.actualidadadiario.com\/index.php\/wp-json\/wp\/v2\/media?parent=3776"}],"wp:term":[{"taxonomy":"category","embeddable":true,"href":"https:\/\/www.actualidadadiario.com\/index.php\/wp-json\/wp\/v2\/categories?post=3776"},{"taxonomy":"post_tag","embeddable":true,"href":"https:\/\/www.actualidadadiario.com\/index.php\/wp-json\/wp\/v2\/tags?post=3776"}],"curies":[{"name":"wp","href":"https:\/\/api.w.org\/{rel}","templated":true}]}}