{"id":3773,"date":"2016-11-02T09:32:36","date_gmt":"2016-11-02T12:32:36","guid":{"rendered":"http:\/\/actualidadadiario.com\/site\/?p=3773"},"modified":"2016-11-02T09:32:36","modified_gmt":"2016-11-02T12:32:36","slug":"la-sala-de-casacion-penal-en-concordia-es-una-necesidad-real","status":"publish","type":"post","link":"https:\/\/www.actualidadadiario.com\/index.php\/2016\/11\/02\/la-sala-de-casacion-penal-en-concordia-es-una-necesidad-real\/","title":{"rendered":"&#8220;La Sala de Casaci\u00f3n Penal en Concordia es una necesidad real&#8221;"},"content":{"rendered":"<p><em><strong>El presidente del Colegio de Abogados de Entre R\u00edos, el doctor Enrique Marciano Mart\u00ednez, apoy\u00f3 las gestiones impulsadas por el senador provincial \u00c1ngel Giano a fin de lograr la puesta en funcionamiento de la Sala de Casaci\u00f3n Penal en la ciudad de Concordia. &#8220;Apoyamos esta y todas las gestiones en pos de lograr la habilitaci\u00f3n&#8221;, asegur\u00f3 Mart\u00ednez<\/strong><\/em><\/p>\n<p>&nbsp;<\/p>\n<p>&nbsp;<\/p>\n<p>&nbsp;<\/p>\n<p>&nbsp;<\/p>\n<p>&nbsp;<\/p>\n<p>&nbsp;<\/p>\n<p>Desde la instituci\u00f3n remarcaron que hace tiempo se realizan gestiones ante los distintos poderes del Estado, para lograr la apertura de esta sala. &#8220;Una Justicia de calidad, a la altura que la provincia se merece, debe contar con los espacios institucionales que aseguren el buen funcionamiento, m\u00e1s a\u00fan cuando esta Sala fue creada por una ley en el a\u00f1o 2011. Tanto desde el Colegio de Abogados de la provincia, como desde la Seccional Concordia de la instituci\u00f3n hemos solicitado a la presidencia del Superior Tribunal de Justicia y al Poder Ejecutivo provincial que se concrete la apertura de esta sala. As\u00ed como tambi\u00e9n acompa\u00f1amos el pedido que el diputado de Cambiemos, Alberto Rotman, realiz\u00f3 en abril de este a\u00f1o&#8221;, asegur\u00f3 el doctor Enrique Mart\u00ednez.<\/p>\n<p>&nbsp;<\/p>\n<p>&nbsp;<\/p>\n<p>\u201cHoy el recurso de casaci\u00f3n penal no es un recurso extraordinario y los profesionales\u00a0 lo planteamos necesariamente para ejercer el derecho de defensa de nuestras partes.\u00a0 Por el c\u00famulo de causas,\u00a0 en un breve plazo la Sala de Paran\u00e1 no podr\u00e1 cumplir con el mandato constitucional de la tutela judicial continua y efectiva y que\u00a0 las sentencias judiciales sean fundadas suficientemente y decididos en tiempo razonable\u201d, agreg\u00f3 el presidente del Colegio de Abogados.<\/p>\n<p>&nbsp;<\/p>\n<p>Coincidimos plenamente con el senador Giano cuando afirma que es necesario, &#8220;solicitar al Superior Tribunal de Justicia de Entre R\u00edos y al Poder Ejecutivo Provincial, arbitren las medidas tendientes a poner en funcionamiento la C\u00e1mara de Casaci\u00f3n Penal con sede en Concordia y con competencia territorial en los departamentos de Federaci\u00f3n, Concordia, Col\u00f3n, Uruguay, Gualeguaych\u00fa, Tala, Villaguay, San Salvador, Federal e Islas del Ibicuy, tal lo dispuesto en la Ley N\u00ba 10.049 sancionada en Agosto de 2011\u201d.<\/p>\n","protected":false},"excerpt":{"rendered":"<p>El presidente del Colegio de Abogados de Entre R\u00edos, el doctor Enrique Marciano Mart\u00ednez, apoy\u00f3 las gestiones impulsadas por el senador provincial \u00c1ngel Giano a fin de lograr la puesta en funcionamiento de la Sala de Casaci\u00f3n Penal en la ciudad de Concordia. &#8220;Apoyamos esta y todas las gestiones en pos de lograr la habilitaci\u00f3n&#8221;, asegur\u00f3 Mart\u00ednez &nbsp; &nbsp; &nbsp; &nbsp; &nbsp; &nbsp; Desde la instituci\u00f3n remarcaron que hace tiempo se realizan gestiones ante los distintos poderes del Estado, para lograr la apertura de esta sala. &#8220;Una Justicia de calidad,&#8230;<\/p>\n","protected":false},"author":3,"featured_media":3774,"comment_status":"closed","ping_status":"closed","sticky":false,"template":"","format":"standard","meta":[],"categories":[15],"tags":[],"_links":{"self":[{"href":"https:\/\/www.actualidadadiario.com\/index.php\/wp-json\/wp\/v2\/posts\/3773"}],"collection":[{"href":"https:\/\/www.actualidadadiario.com\/index.php\/wp-json\/wp\/v2\/posts"}],"about":[{"href":"https:\/\/www.actualidadadiario.com\/index.php\/wp-json\/wp\/v2\/types\/post"}],"author":[{"embeddable":true,"href":"https:\/\/www.actualidadadiario.com\/index.php\/wp-json\/wp\/v2\/users\/3"}],"replies":[{"embeddable":true,"href":"https:\/\/www.actualidadadiario.com\/index.php\/wp-json\/wp\/v2\/comments?post=3773"}],"version-history":[{"count":1,"href":"https:\/\/www.actualidadadiario.com\/index.php\/wp-json\/wp\/v2\/posts\/3773\/revisions"}],"predecessor-version":[{"id":3775,"href":"https:\/\/www.actualidadadiario.com\/index.php\/wp-json\/wp\/v2\/posts\/3773\/revisions\/3775"}],"wp:featuredmedia":[{"embeddable":true,"href":"https:\/\/www.actualidadadiario.com\/index.php\/wp-json\/wp\/v2\/media\/3774"}],"wp:attachment":[{"href":"https:\/\/www.actualidadadiario.com\/index.php\/wp-json\/wp\/v2\/media?parent=3773"}],"wp:term":[{"taxonomy":"category","embeddable":true,"href":"https:\/\/www.actualidadadiario.com\/index.php\/wp-json\/wp\/v2\/categories?post=3773"},{"taxonomy":"post_tag","embeddable":true,"href":"https:\/\/www.actualidadadiario.com\/index.php\/wp-json\/wp\/v2\/tags?post=3773"}],"curies":[{"name":"wp","href":"https:\/\/api.w.org\/{rel}","templated":true}]}}