{"id":3770,"date":"2016-11-02T09:31:41","date_gmt":"2016-11-02T12:31:41","guid":{"rendered":"http:\/\/actualidadadiario.com\/site\/?p=3770"},"modified":"2016-11-02T09:31:41","modified_gmt":"2016-11-02T12:31:41","slug":"amia-casacion-debera-definir-si-reabre-denuncia-de-nisman-contra-cristina","status":"publish","type":"post","link":"https:\/\/www.actualidadadiario.com\/index.php\/2016\/11\/02\/amia-casacion-debera-definir-si-reabre-denuncia-de-nisman-contra-cristina\/","title":{"rendered":"AMIA: Casaci\u00f3n deber\u00e1 definir si reabre denuncia de Nisman contra Cristina"},"content":{"rendered":"<p><em><strong>La C\u00e1mara Federal finalmente concedi\u00f3 este martes los recursos de apelaci\u00f3n presentados por la DAIA y por el fiscal German Moldes contra su fallo que rechaz\u00f3 la apertura de la denuncia del fallecido fiscal Alberto Nisman contra la ex presidenta Cristina Kirchner por presunto encubrimiento del atentado a la AMIA<\/strong><\/em><\/p>\n<p>&nbsp;<\/p>\n<p>&nbsp;<\/p>\n<p>&nbsp;<\/p>\n<p>&nbsp;<\/p>\n<p>&nbsp;<\/p>\n<p>&nbsp;<\/p>\n<p>La C\u00e1mara decidi\u00f3 &#8220;declarar admisibles los recursos de casaci\u00f3n interpuestos por el Sr. Fiscal General, Dr. Germ\u00e1n Moldes, y por la Delegaci\u00f3n de Asociaciones Israelitas Argentinas (DAIA) contra el decisorio de esta Sala&#8221;, indic\u00f3 el fallo firmado por Jorge Ballestero y Eduardo Freiler.<\/p>\n<p>&nbsp;<\/p>\n<p>De esta forma, la apelaci\u00f3n de la DAIA llega a la Sala I de la C\u00e1mara Federal de Casaci\u00f3n Penal, donde intentar\u00e1 nuevamente que se abra la denuncia, archivada en dos instancias.<\/p>\n<p>&nbsp;<\/p>\n<p>El 27 de septiembre pasado la Sala I de la C\u00e1mara Federal hab\u00eda confirmado un fallo de primera instancia del juez Daniel Rafecas que en dos ocasiones desestim\u00f3 la denuncia por inexistencia de delito.<\/p>\n<p>&nbsp;<\/p>\n<p>Nisman denunci\u00f3 el 14 de enero de 2015, cuatro d\u00edas antes de ser encontrado sin vida en su departamento, un encubrimiento del atentado a la AMIA por parte de Cristina Kirchner y su entonces Canciller H\u00e9ctor Timerman, para evitar que avance la investigaci\u00f3n contra los iran\u00edes sospechados.<\/p>\n<p>&nbsp;<\/p>\n<p>El fallo que decret\u00f3 el archivo de la denuncia fue apelado tambi\u00e9n por el fiscal Moldes, pero la apelaci\u00f3n de la DAIA permitir\u00eda la intervenci\u00f3n directa de la Sala I sin el pronunciamiento del fiscal Javier De Luca, quien es integrante de la agrupaci\u00f3n Justicia Leg\u00edtima y ya se pronunci\u00f3 previamente en contra de la apertura de la investigaci\u00f3n.<\/p>\n","protected":false},"excerpt":{"rendered":"<p>La C\u00e1mara Federal finalmente concedi\u00f3 este martes los recursos de apelaci\u00f3n presentados por la DAIA y por el fiscal German Moldes contra su fallo que rechaz\u00f3 la apertura de la denuncia del fallecido fiscal Alberto Nisman contra la ex presidenta Cristina Kirchner por presunto encubrimiento del atentado a la AMIA &nbsp; &nbsp; &nbsp; &nbsp; &nbsp; &nbsp; La C\u00e1mara decidi\u00f3 &#8220;declarar admisibles los recursos de casaci\u00f3n interpuestos por el Sr. Fiscal General, Dr. Germ\u00e1n Moldes, y por la Delegaci\u00f3n de Asociaciones Israelitas Argentinas (DAIA) contra el decisorio de esta Sala&#8221;, indic\u00f3&#8230;<\/p>\n","protected":false},"author":3,"featured_media":3771,"comment_status":"closed","ping_status":"closed","sticky":false,"template":"","format":"standard","meta":[],"categories":[18],"tags":[],"_links":{"self":[{"href":"https:\/\/www.actualidadadiario.com\/index.php\/wp-json\/wp\/v2\/posts\/3770"}],"collection":[{"href":"https:\/\/www.actualidadadiario.com\/index.php\/wp-json\/wp\/v2\/posts"}],"about":[{"href":"https:\/\/www.actualidadadiario.com\/index.php\/wp-json\/wp\/v2\/types\/post"}],"author":[{"embeddable":true,"href":"https:\/\/www.actualidadadiario.com\/index.php\/wp-json\/wp\/v2\/users\/3"}],"replies":[{"embeddable":true,"href":"https:\/\/www.actualidadadiario.com\/index.php\/wp-json\/wp\/v2\/comments?post=3770"}],"version-history":[{"count":1,"href":"https:\/\/www.actualidadadiario.com\/index.php\/wp-json\/wp\/v2\/posts\/3770\/revisions"}],"predecessor-version":[{"id":3772,"href":"https:\/\/www.actualidadadiario.com\/index.php\/wp-json\/wp\/v2\/posts\/3770\/revisions\/3772"}],"wp:featuredmedia":[{"embeddable":true,"href":"https:\/\/www.actualidadadiario.com\/index.php\/wp-json\/wp\/v2\/media\/3771"}],"wp:attachment":[{"href":"https:\/\/www.actualidadadiario.com\/index.php\/wp-json\/wp\/v2\/media?parent=3770"}],"wp:term":[{"taxonomy":"category","embeddable":true,"href":"https:\/\/www.actualidadadiario.com\/index.php\/wp-json\/wp\/v2\/categories?post=3770"},{"taxonomy":"post_tag","embeddable":true,"href":"https:\/\/www.actualidadadiario.com\/index.php\/wp-json\/wp\/v2\/tags?post=3770"}],"curies":[{"name":"wp","href":"https:\/\/api.w.org\/{rel}","templated":true}]}}