{"id":3764,"date":"2016-11-02T09:30:07","date_gmt":"2016-11-02T12:30:07","guid":{"rendered":"http:\/\/actualidadadiario.com\/site\/?p=3764"},"modified":"2016-11-02T09:30:07","modified_gmt":"2016-11-02T12:30:07","slug":"40-anos-flojos-de-papeles","status":"publish","type":"post","link":"https:\/\/www.actualidadadiario.com\/index.php\/2016\/11\/02\/40-anos-flojos-de-papeles\/","title":{"rendered":"40 a\u00f1os flojos de papeles"},"content":{"rendered":"<p><em><strong>A cuatro d\u00e9cadas del traspaso de Papel Prensa, organizaciones de Derechos Humanos realizar\u00e1n un acto en la puerta de Clar\u00edn<\/strong><\/em><\/p>\n<p>&nbsp;<\/p>\n<p>&nbsp;<\/p>\n<p>&nbsp;<\/p>\n<p>&nbsp;<\/p>\n<p>Se cumplen 40 a\u00f1os del traspaso de Papel Presa a manos del Clar\u00edn, La Naci\u00f3n y La Raz\u00f3n; y las organizaciones de Derechos Humanos realizar\u00e1n un acto, a las 18, en la puerta del edificio donde funciona \u201cel gran diario argentino\u201d (Tacuati y Finochietto)<\/p>\n<p>&nbsp;<\/p>\n<p>El caso de Papel Prensa, cuya venta se realiz\u00f3 en plena dictadura c\u00edvico militar, ocupa un lugar emblem\u00e1tico en la lucha por los Derechos Humanos ya que su anterior due\u00f1o, David Gravier muri\u00f3 en un \u201cdudoso accidente a\u00e9reo\u201d y su esposa, Lidia Papaleo firm\u00f3 la venta presionada y bajo amenazas.<\/p>\n<p>&nbsp;<\/p>\n<p>Seg\u00fan consta en el expediente judicial de la causa, el representante legal del diario La Naci\u00f3n, Manrique Segovia ya le hab\u00eda advertido: \u201cQuiero que sepan que no pueden vender Papel Prensa ni a jud\u00edos ni a extranjeros\u201d<\/p>\n<p>&nbsp;<\/p>\n<p>La viuda de Gravier termin\u00f3 firm\u00f3 la venta de la empresa mientras su suegro que estaba secuestrado \u201cle ped\u00eda que venda mediante llamados tel\u00e9fonicos y que acepte el precio acordador que apenas alcanzaba el valor de una sola m\u00e1quina de la f\u00e1brica\u201d.<\/p>\n<p>&nbsp;<\/p>\n<p>Apenas cinco d\u00edas despu\u00e9s de haber concretado la venta, Lidia Papaleo fue secuestrada y torturada por el genocida Ram\u00f3n Camps. Luego corrieron la misma suerte los otros integrantes de la familia Gravier y tambi\u00e9n sus colaboradores m\u00e1s cercanos que fueron llevados a los centros clandestinos \u201cEl Pozo de Banfield\u201d y \u201cEl Puesto Vasco\u201d.<\/p>\n","protected":false},"excerpt":{"rendered":"<p>A cuatro d\u00e9cadas del traspaso de Papel Prensa, organizaciones de Derechos Humanos realizar\u00e1n un acto en la puerta de Clar\u00edn &nbsp; &nbsp; &nbsp; &nbsp; Se cumplen 40 a\u00f1os del traspaso de Papel Presa a manos del Clar\u00edn, La Naci\u00f3n y La Raz\u00f3n; y las organizaciones de Derechos Humanos realizar\u00e1n un acto, a las 18, en la puerta del edificio donde funciona \u201cel gran diario argentino\u201d (Tacuati y Finochietto) &nbsp; El caso de Papel Prensa, cuya venta se realiz\u00f3 en plena dictadura c\u00edvico militar, ocupa un lugar emblem\u00e1tico en la lucha&#8230;<\/p>\n","protected":false},"author":3,"featured_media":3765,"comment_status":"closed","ping_status":"closed","sticky":false,"template":"","format":"standard","meta":[],"categories":[4],"tags":[],"_links":{"self":[{"href":"https:\/\/www.actualidadadiario.com\/index.php\/wp-json\/wp\/v2\/posts\/3764"}],"collection":[{"href":"https:\/\/www.actualidadadiario.com\/index.php\/wp-json\/wp\/v2\/posts"}],"about":[{"href":"https:\/\/www.actualidadadiario.com\/index.php\/wp-json\/wp\/v2\/types\/post"}],"author":[{"embeddable":true,"href":"https:\/\/www.actualidadadiario.com\/index.php\/wp-json\/wp\/v2\/users\/3"}],"replies":[{"embeddable":true,"href":"https:\/\/www.actualidadadiario.com\/index.php\/wp-json\/wp\/v2\/comments?post=3764"}],"version-history":[{"count":1,"href":"https:\/\/www.actualidadadiario.com\/index.php\/wp-json\/wp\/v2\/posts\/3764\/revisions"}],"predecessor-version":[{"id":3766,"href":"https:\/\/www.actualidadadiario.com\/index.php\/wp-json\/wp\/v2\/posts\/3764\/revisions\/3766"}],"wp:featuredmedia":[{"embeddable":true,"href":"https:\/\/www.actualidadadiario.com\/index.php\/wp-json\/wp\/v2\/media\/3765"}],"wp:attachment":[{"href":"https:\/\/www.actualidadadiario.com\/index.php\/wp-json\/wp\/v2\/media?parent=3764"}],"wp:term":[{"taxonomy":"category","embeddable":true,"href":"https:\/\/www.actualidadadiario.com\/index.php\/wp-json\/wp\/v2\/categories?post=3764"},{"taxonomy":"post_tag","embeddable":true,"href":"https:\/\/www.actualidadadiario.com\/index.php\/wp-json\/wp\/v2\/tags?post=3764"}],"curies":[{"name":"wp","href":"https:\/\/api.w.org\/{rel}","templated":true}]}}