{"id":3755,"date":"2016-11-02T09:27:45","date_gmt":"2016-11-02T12:27:45","guid":{"rendered":"http:\/\/actualidadadiario.com\/site\/?p=3755"},"modified":"2016-11-02T09:27:45","modified_gmt":"2016-11-02T12:27:45","slug":"el-gobierno-definio-que-habra-un-solo-feriado-puente-en-2017","status":"publish","type":"post","link":"https:\/\/www.actualidadadiario.com\/index.php\/2016\/11\/02\/el-gobierno-definio-que-habra-un-solo-feriado-puente-en-2017\/","title":{"rendered":"El Gobierno defini\u00f3 que habr\u00e1 un solo feriado puente en 2017"},"content":{"rendered":"<p><em><strong>El Ministro de Educaci\u00f3n, Esteban Bullrich, asegur\u00f3 que as\u00ed se garantizar\u00e1n los 180 d\u00edas de clase el a\u00f1o pr\u00f3ximo<\/strong><\/em><\/p>\n<p>&nbsp;<\/p>\n<p>&nbsp;<\/p>\n<p>&nbsp;<\/p>\n<p>&nbsp;<\/p>\n<p>El ministro de Educaci\u00f3n, Esteban Bullrich, ratific\u00f3 este martes que el 19 de junio ser\u00e1 el \u00fanico feriado &#8220;puente&#8221; en 2017, para garantizar que se cumplan los 182 d\u00edas de escolaridad obligatorios m\u00e1s 5 de capacitaci\u00f3n en el ciclo lectivo. De esta forma, se confirma la intenci\u00f3n del Gobierno de ir reduciendo la cantidad de d\u00edas no laborables por a\u00f1o.<\/p>\n<p>&nbsp;<\/p>\n<p>El funcionario confirm\u00f3 que las clases comenzar\u00e1n el 6 de marzo y que habr\u00e1 un solo feriado puente en declaraciones period\u00edsticas efectuadas en C\u00f3rdoba, donde inaugur\u00f3 la Feria de Educaci\u00f3n, Arte, Ciencias y Tecnolog\u00edas junto al gobernador cordob\u00e9s Juan Scharetti.<\/p>\n<p>&nbsp;<\/p>\n<p>El ministro Bullrich precis\u00f3 que el 19 de junio no se dictar\u00e1n clases en todas las escuelas del pa\u00eds y que el 20 de junio, D\u00eda de la Bandera, ser\u00e1 feriado.<\/p>\n<p>&nbsp;<\/p>\n<p>Para este a\u00f1o quedan aun dos jornadas no laborables extendidas. La primera, por el D\u00eda de la Soberan\u00eda, que abarca entre el s\u00e1bado 26 y el lunes 28 de noviembre inclusive. El segundo por el D\u00eda de la Virgen Mar\u00eda, entre el jueves 8 y el domingo 11 de diciembre inclusive.<\/p>\n<p>&nbsp;<\/p>\n<p>En 2016 se pautaron dos feriados puente: el del 8 de julio, antesala del Bicentenario de la Independencia, y el mencionado de diciembre.<\/p>\n<p>&nbsp;<\/p>\n<p>Consultado sobre la posibilidad de dar un bono de fin de a\u00f1o a los docentes, Bullrich respondi\u00f3 que esa es una decisi\u00f3n que debe tomar cada provincia. &#8220;Algunas han expresado que no est\u00e1n en condiciones de pagarlo&#8221;, advirti\u00f3 el funcionario.<\/p>\n","protected":false},"excerpt":{"rendered":"<p>El Ministro de Educaci\u00f3n, Esteban Bullrich, asegur\u00f3 que as\u00ed se garantizar\u00e1n los 180 d\u00edas de clase el a\u00f1o pr\u00f3ximo &nbsp; &nbsp; &nbsp; &nbsp; El ministro de Educaci\u00f3n, Esteban Bullrich, ratific\u00f3 este martes que el 19 de junio ser\u00e1 el \u00fanico feriado &#8220;puente&#8221; en 2017, para garantizar que se cumplan los 182 d\u00edas de escolaridad obligatorios m\u00e1s 5 de capacitaci\u00f3n en el ciclo lectivo. De esta forma, se confirma la intenci\u00f3n del Gobierno de ir reduciendo la cantidad de d\u00edas no laborables por a\u00f1o. &nbsp; El funcionario confirm\u00f3 que las clases&#8230;<\/p>\n","protected":false},"author":3,"featured_media":3756,"comment_status":"closed","ping_status":"closed","sticky":false,"template":"","format":"standard","meta":[],"categories":[2],"tags":[],"_links":{"self":[{"href":"https:\/\/www.actualidadadiario.com\/index.php\/wp-json\/wp\/v2\/posts\/3755"}],"collection":[{"href":"https:\/\/www.actualidadadiario.com\/index.php\/wp-json\/wp\/v2\/posts"}],"about":[{"href":"https:\/\/www.actualidadadiario.com\/index.php\/wp-json\/wp\/v2\/types\/post"}],"author":[{"embeddable":true,"href":"https:\/\/www.actualidadadiario.com\/index.php\/wp-json\/wp\/v2\/users\/3"}],"replies":[{"embeddable":true,"href":"https:\/\/www.actualidadadiario.com\/index.php\/wp-json\/wp\/v2\/comments?post=3755"}],"version-history":[{"count":1,"href":"https:\/\/www.actualidadadiario.com\/index.php\/wp-json\/wp\/v2\/posts\/3755\/revisions"}],"predecessor-version":[{"id":3757,"href":"https:\/\/www.actualidadadiario.com\/index.php\/wp-json\/wp\/v2\/posts\/3755\/revisions\/3757"}],"wp:featuredmedia":[{"embeddable":true,"href":"https:\/\/www.actualidadadiario.com\/index.php\/wp-json\/wp\/v2\/media\/3756"}],"wp:attachment":[{"href":"https:\/\/www.actualidadadiario.com\/index.php\/wp-json\/wp\/v2\/media?parent=3755"}],"wp:term":[{"taxonomy":"category","embeddable":true,"href":"https:\/\/www.actualidadadiario.com\/index.php\/wp-json\/wp\/v2\/categories?post=3755"},{"taxonomy":"post_tag","embeddable":true,"href":"https:\/\/www.actualidadadiario.com\/index.php\/wp-json\/wp\/v2\/tags?post=3755"}],"curies":[{"name":"wp","href":"https:\/\/api.w.org\/{rel}","templated":true}]}}