{"id":3752,"date":"2016-11-02T09:26:56","date_gmt":"2016-11-02T12:26:56","guid":{"rendered":"http:\/\/actualidadadiario.com\/site\/?p=3752"},"modified":"2016-11-02T09:26:56","modified_gmt":"2016-11-02T12:26:56","slug":"nito-artaza-no-se-guardo-nada-y-lanzo-duras-criticas-a-cambiemos-y-el-radicalismo","status":"publish","type":"post","link":"https:\/\/www.actualidadadiario.com\/index.php\/2016\/11\/02\/nito-artaza-no-se-guardo-nada-y-lanzo-duras-criticas-a-cambiemos-y-el-radicalismo\/","title":{"rendered":"Nito Artaza no se guard\u00f3 nada y lanz\u00f3 duras cr\u00edticas a Cambiemos y el radicalismo"},"content":{"rendered":"<p><em><strong>El ex Senador de la UCR cuestion\u00f3 que sus correligionarios miren para otro lado mientras el pa\u00eds &#8220;se endeuda, baja el poder adquisitivo de los salarios y el pa\u00eds se alinea con Estados Unidos&#8221;<\/strong><\/em><\/p>\n<p>&nbsp;<\/p>\n<p>&nbsp;<\/p>\n<p>&nbsp;<\/p>\n<p>Alejado de\u00a0 la conducci\u00f3n de la UCR, con la que ya hab\u00eda estado en contra de la conformaci\u00f3n de la Alianza con el PRO, en 2015, Eugenio &#8216;Nito&#8217; Artaza se despach\u00f3 con una catarata de cr\u00edticas contra el gobierno nacional y en especial contra los boinas blancas, por hacer la vista gorda ante el rumbo pol\u00edtico que ha tomado el presidente Mauricio Macri.<\/p>\n<p>&nbsp;<\/p>\n<p>&#8220;No nos podemos hacer los distra\u00eddos. el radicalismo no le hace ver al gobierno que nos estamos endeudando y eligiendo de nuevo la dependencia&#8221;, dijo, en el marco del acto que el dirigente organiz\u00f3 en homenaje a los 33 a\u00f1os de la asunci\u00f3n de Ra\u00fal Alfons\u00edn como presidente.<\/p>\n<p>&nbsp;<\/p>\n<p>&#8220;No es posible que se haya bajado el poder adquisitivo del salario y el radicalismo mire para otro lado&#8221;, dijo, en di\u00e1logo con la prensa y agreg\u00f3 que este gobierno mira &#8220;para el lado de los empresarios y no de los trabajadores&#8221;.<\/p>\n<p>&nbsp;<\/p>\n<p>Sobre su situaci\u00f3n pol\u00edtica, el artista correntino explic\u00f3 que &#8220;somos radicales que estamos acompa\u00f1ando al FR, que no apoyamos las pol\u00edticas del gobierno&#8221;.<\/p>\n","protected":false},"excerpt":{"rendered":"<p>El ex Senador de la UCR cuestion\u00f3 que sus correligionarios miren para otro lado mientras el pa\u00eds &#8220;se endeuda, baja el poder adquisitivo de los salarios y el pa\u00eds se alinea con Estados Unidos&#8221; &nbsp; &nbsp; &nbsp; Alejado de\u00a0 la conducci\u00f3n de la UCR, con la que ya hab\u00eda estado en contra de la conformaci\u00f3n de la Alianza con el PRO, en 2015, Eugenio &#8216;Nito&#8217; Artaza se despach\u00f3 con una catarata de cr\u00edticas contra el gobierno nacional y en especial contra los boinas blancas, por hacer la vista gorda ante&#8230;<\/p>\n","protected":false},"author":3,"featured_media":3753,"comment_status":"closed","ping_status":"closed","sticky":false,"template":"","format":"standard","meta":[],"categories":[18],"tags":[],"_links":{"self":[{"href":"https:\/\/www.actualidadadiario.com\/index.php\/wp-json\/wp\/v2\/posts\/3752"}],"collection":[{"href":"https:\/\/www.actualidadadiario.com\/index.php\/wp-json\/wp\/v2\/posts"}],"about":[{"href":"https:\/\/www.actualidadadiario.com\/index.php\/wp-json\/wp\/v2\/types\/post"}],"author":[{"embeddable":true,"href":"https:\/\/www.actualidadadiario.com\/index.php\/wp-json\/wp\/v2\/users\/3"}],"replies":[{"embeddable":true,"href":"https:\/\/www.actualidadadiario.com\/index.php\/wp-json\/wp\/v2\/comments?post=3752"}],"version-history":[{"count":1,"href":"https:\/\/www.actualidadadiario.com\/index.php\/wp-json\/wp\/v2\/posts\/3752\/revisions"}],"predecessor-version":[{"id":3754,"href":"https:\/\/www.actualidadadiario.com\/index.php\/wp-json\/wp\/v2\/posts\/3752\/revisions\/3754"}],"wp:featuredmedia":[{"embeddable":true,"href":"https:\/\/www.actualidadadiario.com\/index.php\/wp-json\/wp\/v2\/media\/3753"}],"wp:attachment":[{"href":"https:\/\/www.actualidadadiario.com\/index.php\/wp-json\/wp\/v2\/media?parent=3752"}],"wp:term":[{"taxonomy":"category","embeddable":true,"href":"https:\/\/www.actualidadadiario.com\/index.php\/wp-json\/wp\/v2\/categories?post=3752"},{"taxonomy":"post_tag","embeddable":true,"href":"https:\/\/www.actualidadadiario.com\/index.php\/wp-json\/wp\/v2\/tags?post=3752"}],"curies":[{"name":"wp","href":"https:\/\/api.w.org\/{rel}","templated":true}]}}