{"id":3746,"date":"2016-11-02T09:25:16","date_gmt":"2016-11-02T12:25:16","guid":{"rendered":"http:\/\/actualidadadiario.com\/site\/?p=3746"},"modified":"2016-11-02T09:25:16","modified_gmt":"2016-11-02T12:25:16","slug":"daniel-vila-ya-anticipa-cuanto-va-a-costar-mirar-futbol-por-tv-desde-el-ano-que-viene","status":"publish","type":"post","link":"https:\/\/www.actualidadadiario.com\/index.php\/2016\/11\/02\/daniel-vila-ya-anticipa-cuanto-va-a-costar-mirar-futbol-por-tv-desde-el-ano-que-viene\/","title":{"rendered":"Daniel Vila ya anticipa cu\u00e1nto va a costar mirar f\u00fatbol por TV desde el a\u00f1o que viene"},"content":{"rendered":"<p><em><strong>El empresario de medios, que ser\u00eda el candidato del Gobierno para presidir la AFA, confirm\u00f3 que a partir del 1\u00ba de enero se terminar\u00e1 el f\u00fatbol gratuito por televisi\u00f3n, y hasta anunci\u00f3 cu\u00e1l ser\u00e1 el costo extra que deber\u00e1n abonar los usuarios para ver los partidos<\/strong><\/em><\/p>\n<p>&nbsp;<\/p>\n<p>&nbsp;<\/p>\n<p>&nbsp;<\/p>\n<p>&nbsp;<\/p>\n<p>Confirmado que desde el a\u00f1o que viene volver\u00e1n a secuestrar los goles, ya que F\u00fatbol Para Todos dejar\u00e1 de existir por decisi\u00f3n del Gobierno, el due\u00f1o de Grupo UNO, Daniel Vila, anticip\u00f3 cu\u00e1nto costar\u00e1 desde el 2017 mirar los encuentros del torneo dom\u00e9stico por la pantalla chica.<\/p>\n<p>&nbsp;<\/p>\n<p>\u201cTen\u00e9s que calcular 250 o 280 pesos m\u00e1s mensuales, para ver los partidos\u201d, estim\u00f3 Vila en declaraciones a Radio Del Plata, quien tambi\u00e9n afirm\u00f3 que desde el 1\u00ba de enero del pr\u00f3ximo a\u00f1o se terminar\u00e1 el f\u00fatbol gratuito por TV. El costo se sumar\u00eda al abono del cable.<\/p>\n<p>&nbsp;<\/p>\n<p>El nombre del empresario trascendi\u00f3 como uno de los candidatos que tendr\u00eda el Gobierno para presidir la Asociaci\u00f3n del F\u00fatbol Argentino, y en este contexto, hasta se reuni\u00f3 con el presidente Mauricio Macri a quien, seg\u00fan revel\u00f3, le manifest\u00f3 sus \u201cganas\u201d de esta al frente de la AFA.<\/p>\n","protected":false},"excerpt":{"rendered":"<p>El empresario de medios, que ser\u00eda el candidato del Gobierno para presidir la AFA, confirm\u00f3 que a partir del 1\u00ba de enero se terminar\u00e1 el f\u00fatbol gratuito por televisi\u00f3n, y hasta anunci\u00f3 cu\u00e1l ser\u00e1 el costo extra que deber\u00e1n abonar los usuarios para ver los partidos &nbsp; &nbsp; &nbsp; &nbsp; Confirmado que desde el a\u00f1o que viene volver\u00e1n a secuestrar los goles, ya que F\u00fatbol Para Todos dejar\u00e1 de existir por decisi\u00f3n del Gobierno, el due\u00f1o de Grupo UNO, Daniel Vila, anticip\u00f3 cu\u00e1nto costar\u00e1 desde el 2017 mirar los encuentros&#8230;<\/p>\n","protected":false},"author":3,"featured_media":3747,"comment_status":"closed","ping_status":"closed","sticky":false,"template":"","format":"standard","meta":[],"categories":[18],"tags":[],"_links":{"self":[{"href":"https:\/\/www.actualidadadiario.com\/index.php\/wp-json\/wp\/v2\/posts\/3746"}],"collection":[{"href":"https:\/\/www.actualidadadiario.com\/index.php\/wp-json\/wp\/v2\/posts"}],"about":[{"href":"https:\/\/www.actualidadadiario.com\/index.php\/wp-json\/wp\/v2\/types\/post"}],"author":[{"embeddable":true,"href":"https:\/\/www.actualidadadiario.com\/index.php\/wp-json\/wp\/v2\/users\/3"}],"replies":[{"embeddable":true,"href":"https:\/\/www.actualidadadiario.com\/index.php\/wp-json\/wp\/v2\/comments?post=3746"}],"version-history":[{"count":1,"href":"https:\/\/www.actualidadadiario.com\/index.php\/wp-json\/wp\/v2\/posts\/3746\/revisions"}],"predecessor-version":[{"id":3748,"href":"https:\/\/www.actualidadadiario.com\/index.php\/wp-json\/wp\/v2\/posts\/3746\/revisions\/3748"}],"wp:featuredmedia":[{"embeddable":true,"href":"https:\/\/www.actualidadadiario.com\/index.php\/wp-json\/wp\/v2\/media\/3747"}],"wp:attachment":[{"href":"https:\/\/www.actualidadadiario.com\/index.php\/wp-json\/wp\/v2\/media?parent=3746"}],"wp:term":[{"taxonomy":"category","embeddable":true,"href":"https:\/\/www.actualidadadiario.com\/index.php\/wp-json\/wp\/v2\/categories?post=3746"},{"taxonomy":"post_tag","embeddable":true,"href":"https:\/\/www.actualidadadiario.com\/index.php\/wp-json\/wp\/v2\/tags?post=3746"}],"curies":[{"name":"wp","href":"https:\/\/api.w.org\/{rel}","templated":true}]}}