{"id":3740,"date":"2016-11-02T09:23:43","date_gmt":"2016-11-02T12:23:43","guid":{"rendered":"http:\/\/actualidadadiario.com\/site\/?p=3740"},"modified":"2016-11-02T09:23:43","modified_gmt":"2016-11-02T12:23:43","slug":"amnistia-y-el-cels-le-exigen-a-macri-que-cumpla-el-pedido-de-la-onu-para-liberar-a-milagro-sala","status":"publish","type":"post","link":"https:\/\/www.actualidadadiario.com\/index.php\/2016\/11\/02\/amnistia-y-el-cels-le-exigen-a-macri-que-cumpla-el-pedido-de-la-onu-para-liberar-a-milagro-sala\/","title":{"rendered":"Amnist\u00eda y el CELS le exigen a Macri que cumpla el pedido de la ONU para liberar a Milagro Sala"},"content":{"rendered":"<p><em><strong>En un mensaje que enviaron a los funcionarios, distintas ONGs de Derechos Humanos le piden saber qu\u00e9 est\u00e1n haciendo para liberar a la presa pol\u00edtica<\/strong><\/em><\/p>\n<p>&nbsp;<\/p>\n<p>&nbsp;<\/p>\n<p>&nbsp;<\/p>\n<p>Las ONGs de Derechos Humanos le reclamaron al Gobierno que cumpla el pedido de la ONU, que pidi\u00f3 liberar urgentemente de prisi\u00f3n a Milagro Sala.<\/p>\n<p>&nbsp;<\/p>\n<p>Son Amnist\u00eda Internacional, ANDHES y el CELS, quienes le pidieron al Estado argentino que informe las acciones que est\u00e1 realizando para cumplir con la decisi\u00f3n definitiva del Grupo de Trabajo sobre la Detenci\u00f3n Arbitraria de la ONU que le solicit\u00f3 liberar de inmediato a Milagro Sala.<\/p>\n<p>&nbsp;<\/p>\n<p>&#8220;Para tomar esta decisi\u00f3n el Grupo de Trabajo consider\u00f3 la informaci\u00f3n sobre todas las causas judiciales contra Milagro Sala, aportada tanto por las organizaciones que realizamos la denuncia internacional como por el propio Estado, y concluy\u00f3 que &#8220;la privaci\u00f3n de libertad de la se\u00f1ora Milagro Sala es arbitraria&#8221; y que debe ser liberada. Tambi\u00e9n le encomend\u00f3 al Estado informar sobre las medidas de seguimiento de la resoluci\u00f3n, entre las que se incluyen: a) la fecha de su liberaci\u00f3n, b) si ha tenido lugar alg\u00fan tipo de reparaci\u00f3n, c) si se ha &#8220;llevado a cabo una investigaci\u00f3n sobre la violaci\u00f3n de los derechos de la Sra. Sala&#8221; y sus resultados, y d) qu\u00e9 medidas se tomaron para evitar la repetici\u00f3n de los hechos que originaron la intervenci\u00f3n del mecanismo internacional&#8221;, afirma un comunicado de Amnist\u00eda Internacional.<\/p>\n<p>&nbsp;<\/p>\n<p>Y cierra: &#8220;Por otra parte, ante decisiones de \u00f3rganos internacionales de derechos humanos, el Estado no puede utilizar como excusa para incumplir que se tratar\u00eda de una supuesta interferencia indebida en otros poderes o jurisdicciones. Tal proceder significar\u00eda desconocer sus obligaciones internacionales, el rol que tiene el Estado federal como garante y numerosos antecedentes&#8221;.<\/p>\n","protected":false},"excerpt":{"rendered":"<p>En un mensaje que enviaron a los funcionarios, distintas ONGs de Derechos Humanos le piden saber qu\u00e9 est\u00e1n haciendo para liberar a la presa pol\u00edtica &nbsp; &nbsp; &nbsp; Las ONGs de Derechos Humanos le reclamaron al Gobierno que cumpla el pedido de la ONU, que pidi\u00f3 liberar urgentemente de prisi\u00f3n a Milagro Sala. &nbsp; Son Amnist\u00eda Internacional, ANDHES y el CELS, quienes le pidieron al Estado argentino que informe las acciones que est\u00e1 realizando para cumplir con la decisi\u00f3n definitiva del Grupo de Trabajo sobre la Detenci\u00f3n Arbitraria de la&#8230;<\/p>\n","protected":false},"author":3,"featured_media":3741,"comment_status":"closed","ping_status":"closed","sticky":false,"template":"","format":"standard","meta":[],"categories":[9],"tags":[],"_links":{"self":[{"href":"https:\/\/www.actualidadadiario.com\/index.php\/wp-json\/wp\/v2\/posts\/3740"}],"collection":[{"href":"https:\/\/www.actualidadadiario.com\/index.php\/wp-json\/wp\/v2\/posts"}],"about":[{"href":"https:\/\/www.actualidadadiario.com\/index.php\/wp-json\/wp\/v2\/types\/post"}],"author":[{"embeddable":true,"href":"https:\/\/www.actualidadadiario.com\/index.php\/wp-json\/wp\/v2\/users\/3"}],"replies":[{"embeddable":true,"href":"https:\/\/www.actualidadadiario.com\/index.php\/wp-json\/wp\/v2\/comments?post=3740"}],"version-history":[{"count":1,"href":"https:\/\/www.actualidadadiario.com\/index.php\/wp-json\/wp\/v2\/posts\/3740\/revisions"}],"predecessor-version":[{"id":3742,"href":"https:\/\/www.actualidadadiario.com\/index.php\/wp-json\/wp\/v2\/posts\/3740\/revisions\/3742"}],"wp:featuredmedia":[{"embeddable":true,"href":"https:\/\/www.actualidadadiario.com\/index.php\/wp-json\/wp\/v2\/media\/3741"}],"wp:attachment":[{"href":"https:\/\/www.actualidadadiario.com\/index.php\/wp-json\/wp\/v2\/media?parent=3740"}],"wp:term":[{"taxonomy":"category","embeddable":true,"href":"https:\/\/www.actualidadadiario.com\/index.php\/wp-json\/wp\/v2\/categories?post=3740"},{"taxonomy":"post_tag","embeddable":true,"href":"https:\/\/www.actualidadadiario.com\/index.php\/wp-json\/wp\/v2\/tags?post=3740"}],"curies":[{"name":"wp","href":"https:\/\/api.w.org\/{rel}","templated":true}]}}