{"id":36,"date":"2016-07-05T18:09:49","date_gmt":"2016-07-05T21:09:49","guid":{"rendered":"http:\/\/actualidadadiario.com\/site\/?p=36"},"modified":"2016-07-05T18:09:49","modified_gmt":"2016-07-05T21:09:49","slug":"mas-despidos-en-el-ministerio-de-educacion-de-la-nacion","status":"publish","type":"post","link":"https:\/\/www.actualidadadiario.com\/index.php\/2016\/07\/05\/mas-despidos-en-el-ministerio-de-educacion-de-la-nacion\/","title":{"rendered":"M\u00e1s despidos en el Ministerio de Educaci\u00f3n de la Naci\u00f3n"},"content":{"rendered":"<p><strong><em>A la noticia de los 100 trabajadores echados se suma una denuncia por desmantelamiento de programas educativos<\/em><\/strong><\/p>\n<p>El Ministerio de Educaci\u00f3n, a cargo de Esteban Bullrich, contin\u00faa con la ola de despidos en la administraci\u00f3n p\u00fablica y no renov\u00f3 los contratos de m\u00e1s de un centenar de trabajadores. Se trata de trabajadores con contratos precarios, tercerizados por la Organizaci\u00f3n de Estados Iberoamericanos (OEI) y que en su mayor\u00eda se desempe\u00f1aban en sus cargos hace siete a\u00f1os o m\u00e1s.<\/p>\n<p>Esto se suma al cortocircuito que sufre el gabinete de Bullrich, luego de que el secretario de Fortalecimiento Educativo,\u00a0Max Gulmanelli, le pidi\u00f3 la renuncia subsecretario de Pol\u00edticas Socioeducativas,\u00a0Marcelo Cugliandolo.<\/p>\n<p>\u201cEl Secretario Gulmanelli me ha pedido que abandone mi cargo. Entiendo que es en el marco del propio desgaste de todos estos meses de gesti\u00f3n\u201d, escribi\u00f3 Cugliandolo en su carta de despedida a la que tuvo acceso\u00a0<em>El Destape<\/em>.<\/p>\n<p>La medida fue comunicada por el jefe de gabinete,\u00a0Diego Mar\u00edas<strong>, <\/strong>el jueves pasado, el d\u00eda anterior a cumplirse el plazo de vencimiento de los contratos, que hab\u00edan sido renovados por dos meses desde mayo.<\/p>\n<p>Desde la cuenta de Facebook \u201cDespidos en el Ministerio de Educaci\u00f3n\u201d, a cargo del gremio de ATE (Lista Verde Roja Negra), denunciaron que a partir del 1\u00ba de julio los programas de Memoria, Coordinaci\u00f3n de Publicaciones, Educaci\u00f3n Sexual Integral, Educaci\u00f3n y Prevenci\u00f3n de Adicciones, Comunidad y convivencia escolar y Plan de Lectura y las modalidades educativas de Educaci\u00f3n Intercultural Biling\u00fce, Educaci\u00f3n Art\u00edstica, Contextos de Encierro y Educaci\u00f3n de J\u00f3venes y Adultos, entre otras l\u00edneas de acci\u00f3n, se encuentran pr\u00e1cticamente desmantelados.<\/p>\n<p>A su vez, advierten que \u201chac\u00eda un mes que el jefe de gabinete, junto al subsecretario de Coordinaci\u00f3n Administrativa,\u00a0F\u00e9lix Lacroze, se comprometi\u00f3 a renovar todos los contratos\u201d.<\/p>\n<p>En abril pasado, el ministro de Modernizaci\u00f3n, Andr\u00e9s Ibarra, confirm\u00f3 que el Gobierno dispuso la renovaci\u00f3n de 10.921 contratos de la administraci\u00f3n p\u00fablica nacional y precis\u00f3 que el 90% de esos trabajadores hab\u00edan ingresado al Estado en los \u00faltimos tres a\u00f1os.<\/p>\n","protected":false},"excerpt":{"rendered":"<p>A la noticia de los 100 trabajadores echados se suma una denuncia por desmantelamiento de programas educativos El Ministerio de Educaci\u00f3n, a cargo de Esteban Bullrich, contin\u00faa con la ola de despidos en la administraci\u00f3n p\u00fablica y no renov\u00f3 los contratos de m\u00e1s de un centenar de trabajadores. Se trata de trabajadores con contratos precarios, tercerizados por la Organizaci\u00f3n de Estados Iberoamericanos (OEI) y que en su mayor\u00eda se desempe\u00f1aban en sus cargos hace siete a\u00f1os o m\u00e1s. Esto se suma al cortocircuito que sufre el gabinete de Bullrich, luego&#8230;<\/p>\n","protected":false},"author":1,"featured_media":37,"comment_status":"closed","ping_status":"open","sticky":false,"template":"","format":"standard","meta":[],"categories":[2],"tags":[],"_links":{"self":[{"href":"https:\/\/www.actualidadadiario.com\/index.php\/wp-json\/wp\/v2\/posts\/36"}],"collection":[{"href":"https:\/\/www.actualidadadiario.com\/index.php\/wp-json\/wp\/v2\/posts"}],"about":[{"href":"https:\/\/www.actualidadadiario.com\/index.php\/wp-json\/wp\/v2\/types\/post"}],"author":[{"embeddable":true,"href":"https:\/\/www.actualidadadiario.com\/index.php\/wp-json\/wp\/v2\/users\/1"}],"replies":[{"embeddable":true,"href":"https:\/\/www.actualidadadiario.com\/index.php\/wp-json\/wp\/v2\/comments?post=36"}],"version-history":[{"count":1,"href":"https:\/\/www.actualidadadiario.com\/index.php\/wp-json\/wp\/v2\/posts\/36\/revisions"}],"predecessor-version":[{"id":38,"href":"https:\/\/www.actualidadadiario.com\/index.php\/wp-json\/wp\/v2\/posts\/36\/revisions\/38"}],"wp:featuredmedia":[{"embeddable":true,"href":"https:\/\/www.actualidadadiario.com\/index.php\/wp-json\/wp\/v2\/media\/37"}],"wp:attachment":[{"href":"https:\/\/www.actualidadadiario.com\/index.php\/wp-json\/wp\/v2\/media?parent=36"}],"wp:term":[{"taxonomy":"category","embeddable":true,"href":"https:\/\/www.actualidadadiario.com\/index.php\/wp-json\/wp\/v2\/categories?post=36"},{"taxonomy":"post_tag","embeddable":true,"href":"https:\/\/www.actualidadadiario.com\/index.php\/wp-json\/wp\/v2\/tags?post=36"}],"curies":[{"name":"wp","href":"https:\/\/api.w.org\/{rel}","templated":true}]}}