{"id":35931,"date":"2018-11-08T10:20:15","date_gmt":"2018-11-08T13:20:15","guid":{"rendered":"https:\/\/www.actualidadadiario.com\/?p=35931"},"modified":"2018-11-08T10:20:15","modified_gmt":"2018-11-08T13:20:15","slug":"efecto-despegue-tres-gobernadores-ya-confirman-elecciones-anticipadas","status":"publish","type":"post","link":"https:\/\/www.actualidadadiario.com\/index.php\/2018\/11\/08\/efecto-despegue-tres-gobernadores-ya-confirman-elecciones-anticipadas\/","title":{"rendered":"Efecto Despegue: tres gobernadores ya confirman elecciones anticipadas"},"content":{"rendered":"<p><em><strong>En cuatro meses, votar\u00e1 la primera provincia. En total, son 17 las que tienen previsto \u201ccortarse\u201d solas. Las fechas que manejan<\/strong><\/em><\/p>\n<p>&nbsp;<\/p>\n<p>&nbsp;<\/p>\n<p>&nbsp;<\/p>\n<p>&nbsp;<\/p>\n<p>El 2019 ya no queda tan lejos. Para algunas provincias, como Chubut y San Juan, la campa\u00f1a est\u00e1 a la vuelta de la esquina y los candidatos a gobernador e intendentes se apuran para cerrar las listas que, en algunos distritos, cierran en enero.<\/p>\n<p>&nbsp;<\/p>\n<p>El primero en lanzarse a la pileta de las elecciones anticipadas fue el chubutense Mariano Arcioni. Este lunes 5 firm\u00f3 el decreto que establece que el 17 de marzo de 2019 se celebrar\u00e1n las PASO en la provincia y el 19 de mayo, los comicios generales.<\/p>\n<p>&nbsp;<\/p>\n<p>La decisi\u00f3n del peronista, cercano a Sergio Massa, no cay\u00f3 bien en la oposici\u00f3n, que intentar\u00e1 derogar en la Legislatura provincial el decreto de Arcioni. Ya hay proyectos presentados en ese sentido de Cambiemos y el FpV. Algunos de los redactores de los textos, como el diputado Blas Meza Evans, reclaman que unos 20.000 chubutenses que cumplen 16 a\u00f1os en los pr\u00f3ximos meses quedar\u00e1n afuera del padr\u00f3n.<\/p>\n<p>&nbsp;<\/p>\n<p>Pero en el oficialismo defienden la idea de ir a las urnas cinco meses antes de las elecciones presidenciales. Y se escudan en que no son los \u00fanicos: en total, 17 provincias planean adelantar las elecciones para no depender del incierto escenario nacional. Dos gobernadores m\u00e1s dieron pasos en ese sentido.<\/p>\n<p>&nbsp;<\/p>\n<p>&nbsp;<\/p>\n<p><strong>Gobernador 2<\/strong><\/p>\n<p>El sanjuanino Sergio U\u00f1ac ya tiene tomada una decisi\u00f3n similar a la de Arcioni y planea darla a conocer en los pr\u00f3ximos d\u00edas. En su cuenta de Twitter, el peronista dej\u00f3 en claro que las PASO no ser\u00e1n el 24 de marzo, como se hab\u00eda especulado en la provincia, ya que se trata de un d\u00eda para honrar \u201ca las v\u00edctimas de la dictadura\u201d.<\/p>\n<p>&nbsp;<\/p>\n<p>La intenci\u00f3n de U\u00f1ac es adelantar las PASO a abril y las generales a junio.<\/p>\n<p>&nbsp;<\/p>\n<p>&nbsp;<\/p>\n<p><strong>Gobernador 3<\/strong><\/p>\n<p>Otro que ya avanz\u00f3 en el operativo \u201cdespegue\u201d es Gustavo Bordet, de Entre R\u00edos. \u201cOportunamente daremos a conocer, como lo hemos hecho siempre, por consenso, y sin que esta sea una decisi\u00f3n unilateral del gobierno, cu\u00e1l va a ser la fecha de elecciones\u201d, dijo en los \u00faltimos d\u00edas.<\/p>\n<p>&nbsp;<\/p>\n<p>En la contienda podr\u00eda jugar nada menos que Rogelio Frigerio, quien aparece como un poderoso competidor, de acuerdo a una encuesta reciente de Julio Aurelio Aresco. En un escenario hipot\u00e9tico frente a Bordet, el ministro del Interior aparece como triunfador (33% de intenci\u00f3n de voto, contra 29% de Bordet).<\/p>\n<p>&nbsp;<\/p>\n<p>Cerca de Frigerio aseguraron\u00a0 que la posibilidad de que\u00a0 juegue para gobernador es \u201cdif\u00edcil\u201d, pero no la descartan. Por ahora, el ministro sigue atentamente el calendario electoral desde su rol institucional.<\/p>\n<p>&nbsp;<\/p>\n<p>&nbsp;<\/p>\n<p><strong>Fechas<\/strong><\/p>\n<p>El cronograma nacional anticipado que manejan en Casa Rosada indica que Catamarca abrir\u00e1 el a\u00f1o con elecciones generales en marzo. En mayo ser\u00e1 el turno de Misiones, La Rioja, C\u00f3rdoba y Tierra del Fuego.<\/p>\n<p>&nbsp;<\/p>\n<p>En junio,\u00a0 Entre R\u00edos, Mendoza, Santa Fe, R\u00edo Negro, La Pampa, San Luis y Chaco. Y en octubre, con las nacionales, competir\u00e1n CABA, Buenos Aires, Formosa, Salta, Corrientes y Jujuy. Santiago del Estero y Corrientes, que ya que eligieron gobernador en 2017, la mirar\u00e1n de afuera.<\/p>\n","protected":false},"excerpt":{"rendered":"<p>En cuatro meses, votar\u00e1 la primera provincia. En total, son 17 las que tienen previsto \u201ccortarse\u201d solas. Las fechas que manejan &nbsp; &nbsp; &nbsp; &nbsp; El 2019 ya no queda tan lejos. Para algunas provincias, como Chubut y San Juan, la campa\u00f1a est\u00e1 a la vuelta de la esquina y los candidatos a gobernador e intendentes se apuran para cerrar las listas que, en algunos distritos, cierran en enero. &nbsp; El primero en lanzarse a la pileta de las elecciones anticipadas fue el chubutense Mariano Arcioni. Este lunes 5 firm\u00f3&#8230;<\/p>\n","protected":false},"author":3,"featured_media":35932,"comment_status":"closed","ping_status":"closed","sticky":false,"template":"","format":"standard","meta":[],"categories":[18],"tags":[],"_links":{"self":[{"href":"https:\/\/www.actualidadadiario.com\/index.php\/wp-json\/wp\/v2\/posts\/35931"}],"collection":[{"href":"https:\/\/www.actualidadadiario.com\/index.php\/wp-json\/wp\/v2\/posts"}],"about":[{"href":"https:\/\/www.actualidadadiario.com\/index.php\/wp-json\/wp\/v2\/types\/post"}],"author":[{"embeddable":true,"href":"https:\/\/www.actualidadadiario.com\/index.php\/wp-json\/wp\/v2\/users\/3"}],"replies":[{"embeddable":true,"href":"https:\/\/www.actualidadadiario.com\/index.php\/wp-json\/wp\/v2\/comments?post=35931"}],"version-history":[{"count":1,"href":"https:\/\/www.actualidadadiario.com\/index.php\/wp-json\/wp\/v2\/posts\/35931\/revisions"}],"predecessor-version":[{"id":35933,"href":"https:\/\/www.actualidadadiario.com\/index.php\/wp-json\/wp\/v2\/posts\/35931\/revisions\/35933"}],"wp:featuredmedia":[{"embeddable":true,"href":"https:\/\/www.actualidadadiario.com\/index.php\/wp-json\/wp\/v2\/media\/35932"}],"wp:attachment":[{"href":"https:\/\/www.actualidadadiario.com\/index.php\/wp-json\/wp\/v2\/media?parent=35931"}],"wp:term":[{"taxonomy":"category","embeddable":true,"href":"https:\/\/www.actualidadadiario.com\/index.php\/wp-json\/wp\/v2\/categories?post=35931"},{"taxonomy":"post_tag","embeddable":true,"href":"https:\/\/www.actualidadadiario.com\/index.php\/wp-json\/wp\/v2\/tags?post=35931"}],"curies":[{"name":"wp","href":"https:\/\/api.w.org\/{rel}","templated":true}]}}