{"id":35928,"date":"2018-11-08T10:19:23","date_gmt":"2018-11-08T13:19:23","guid":{"rendered":"https:\/\/www.actualidadadiario.com\/?p=35928"},"modified":"2018-11-08T10:19:23","modified_gmt":"2018-11-08T13:19:23","slug":"un-abogado-de-macri-y-una-defensora-de-clarin-en-la-lista-de-reemplazos-para-la-corte-suprema","status":"publish","type":"post","link":"https:\/\/www.actualidadadiario.com\/index.php\/2018\/11\/08\/un-abogado-de-macri-y-una-defensora-de-clarin-en-la-lista-de-reemplazos-para-la-corte-suprema\/","title":{"rendered":"Un abogado de Macri y una defensora de Clar\u00edn en la lista de reemplazos para la Corte Suprema"},"content":{"rendered":"<p><em><strong>El Gobierno oficializ\u00f3 la lista de nueve conjueces que podr\u00edan actuar como reemplazos en la Corte. Entre las designaciones est\u00e1 la de Julio Rivera, un abogado de Macri que est\u00e1 imputado por el esc\u00e1ndalo en el Correo Argentino<\/strong><\/em><\/p>\n<p>&nbsp;<\/p>\n<p>&nbsp;<\/p>\n<p>&nbsp;<\/p>\n<p>&nbsp;<\/p>\n<p>A trav\u00e9s de decretos publicados ayer en el Bolet\u00edn Oficial, el presidente Mauricio Macri oficializ\u00f3 la designaci\u00f3n de nueve conjueces para la Corte Suprema, entre los que se registran algunos nombramientos llamativos. Un caso es el de Julio C\u00e9sar Rivera, que no s\u00f3lo es abogado personal del propio Macri sino que est\u00e1 imputado en la escandalosa maniobra en la que el Ejecutivo intent\u00f3 licuar la millonaria deuda del Grupo Macri por el Correo Argentino. Otro caso es el de Mar\u00eda Ang\u00e9lica Gelli, quien actu\u00f3 como defensora del Grupo Clar\u00edn en las recordadas audiencias p\u00fablicas por la ley de medios. Tambi\u00e9n figura entre los designados como conjuez Guillermo Lipera, el presidente del conservador Colegio de Abogados de la calle Montevideo, un fervoroso activista por la destituci\u00f3n de la ex procuradora Alejandra Gils Carb\u00f3.<\/p>\n<p>&nbsp;<\/p>\n<p>Los conjueces, con matr\u00edculas de abogados, son suplentes de los miembros de la Corte cuando alguno de los titulares renuncia, toma licencia, se excusa o no puede desempe\u00f1ar la jurisdicci\u00f3n en determinados casos como, por ejemplo, los que involucran intereses de los magistrados. En una ocasi\u00f3n as\u00ed, el tribunal se completa hasta el n\u00famero necesario para fallar mediante un sorteo entre los presidentes de las C\u00e1maras Nacionales de Apelaci\u00f3n en lo Federal de la Capital Federal y los de las c\u00e1maras federales con asiento en las provincias. En el caso de que por alguna raz\u00f3n no se pueda completar de esta forma entran en juego los conjueces, que pasan a integrar la Corte para resolver ese expediente.<\/p>\n<p>&nbsp;<\/p>\n<p>Hasta junio de 2015 se eleg\u00edan por sorteo, pero desde entonces el Consejo de la Magistratura env\u00eda su propuesta pero es el Poder Ejecutivo quien decide, aunque siempre con la aprobaci\u00f3n final del Senado. Un senador del peronismo consultado ayer por estas designaciones, confes\u00f3 que hab\u00edan votado la lista que lleg\u00f3 desde la Casa Rosada, sin detenerse demasiado en los nombres.<\/p>\n<p>&nbsp;<\/p>\n<p>Al tope de la lista de las designaciones cuestionables est\u00e1 Rivera, quien, por citar un antecedente, patrocin\u00f3 a Macri en su divorcio con Isabel Menditeguy, en 2005. Adem\u00e1s, junto a Beltr\u00e1n Louge, est\u00e1 a cargo de la sindicatura del concurso de acreedores del Correo Argentino. Es decir, debe controlar la legalidad del proceso aunque est\u00e1 muy vinculado a una de las partes, el Grupo Macri. No es de extra\u00f1ar, entonces, que como s\u00edndico haya hecho la vista gorda a las maniobras para vaciar la empresa y evitar pagar su deuda, como denunci\u00f3 la fiscal de C\u00e1mara Gabriela Boquin. En esta causa, el ahora conjuez Rivera est\u00e1 imputado, lo mismo que Macri, el ministro Oscar Aguad y los directivos de las empresas del grupo de la familia presidencial como Socma, Sideco y Correo.<\/p>\n<p>&nbsp;<\/p>\n<p>Ya el presidente de la Corte Suprema, Carlos Rosenkrantz, tiene como antecedente notable en su curr\u00edculum haber sido abogado del Grupo Clar\u00edn. Ahora se agrega como conjueza Mar\u00eda Ang\u00e9lica Gelli, otra defensora del multimedio. En las audiencias celebradas a mediados de 2013 ante la Corte por la ley de Medios, Gelli sostuvo que la norma le imped\u00eda a Clar\u00edn brindar un servicio y que \u201cse desbarata a un medio que es una puerta al mundo\u201d. El Grupo se asegur\u00f3 representaci\u00f3n titular y suplente en la Corte.<\/p>\n<p>&nbsp;<\/p>\n<p>El Colegio de Abogados de la calle Montevideo representa a lo m\u00e1s conservador del establishment judicial y se anot\u00f3 varios socios en la lista de conjueces, empezando por el de su titular, Guillermo Lipera, de p\u00fablico alineamiento con el gobierno de Cambiemos e integrante de Ser\u00e1 Justicia. A trav\u00e9s de esta organizaci\u00f3n motoriz\u00f3 varias denuncias en el Consejo de la Magistratura contra camaristas y jueces que no eran del agrado del Gobierno. Uno de sus blanco principales fue la ex procuradora Gils Carb\u00f3.<\/p>\n<p>&nbsp;<\/p>\n<p>Tambi\u00e9n es socio de este Colegio de Abogados el ex camarista y dirigente radical Ricardo Gil Lavedra, quien es presidente del consejo consultivo que asesora al ministro de Justicia Germ\u00e1n Garavano en la puesta en marcha del programa Justicia 2020. Como abogado defendi\u00f3 a la vicepresidenta Gabriela Michetti y patrocina a la AFIP y a la provincia de Jujuy en una acusaci\u00f3n contra la dirigente social Milagro Sala. El senador juje\u00f1o Guillermo Snopek impugn\u00f3 su designaci\u00f3n como conjuez por su pertenencia a Cambiemos y sus v\u00ednculos con la constructora brasile\u00f1a Odebrecht.<\/p>\n<p>&nbsp;<\/p>\n<p>En la lista de conjueces tambi\u00e9n figuran el ex procurador del Tesoro Alberto Garc\u00eda Lema y, seguramente la figura de mayor prestigio, la jurista mendocina A\u00edda Kemelmajer de Carlucci.<\/p>\n","protected":false},"excerpt":{"rendered":"<p>El Gobierno oficializ\u00f3 la lista de nueve conjueces que podr\u00edan actuar como reemplazos en la Corte. Entre las designaciones est\u00e1 la de Julio Rivera, un abogado de Macri que est\u00e1 imputado por el esc\u00e1ndalo en el Correo Argentino &nbsp; &nbsp; &nbsp; &nbsp; A trav\u00e9s de decretos publicados ayer en el Bolet\u00edn Oficial, el presidente Mauricio Macri oficializ\u00f3 la designaci\u00f3n de nueve conjueces para la Corte Suprema, entre los que se registran algunos nombramientos llamativos. Un caso es el de Julio C\u00e9sar Rivera, que no s\u00f3lo es abogado personal del propio&#8230;<\/p>\n","protected":false},"author":3,"featured_media":35929,"comment_status":"closed","ping_status":"closed","sticky":false,"template":"","format":"standard","meta":[],"categories":[18],"tags":[],"_links":{"self":[{"href":"https:\/\/www.actualidadadiario.com\/index.php\/wp-json\/wp\/v2\/posts\/35928"}],"collection":[{"href":"https:\/\/www.actualidadadiario.com\/index.php\/wp-json\/wp\/v2\/posts"}],"about":[{"href":"https:\/\/www.actualidadadiario.com\/index.php\/wp-json\/wp\/v2\/types\/post"}],"author":[{"embeddable":true,"href":"https:\/\/www.actualidadadiario.com\/index.php\/wp-json\/wp\/v2\/users\/3"}],"replies":[{"embeddable":true,"href":"https:\/\/www.actualidadadiario.com\/index.php\/wp-json\/wp\/v2\/comments?post=35928"}],"version-history":[{"count":1,"href":"https:\/\/www.actualidadadiario.com\/index.php\/wp-json\/wp\/v2\/posts\/35928\/revisions"}],"predecessor-version":[{"id":35930,"href":"https:\/\/www.actualidadadiario.com\/index.php\/wp-json\/wp\/v2\/posts\/35928\/revisions\/35930"}],"wp:featuredmedia":[{"embeddable":true,"href":"https:\/\/www.actualidadadiario.com\/index.php\/wp-json\/wp\/v2\/media\/35929"}],"wp:attachment":[{"href":"https:\/\/www.actualidadadiario.com\/index.php\/wp-json\/wp\/v2\/media?parent=35928"}],"wp:term":[{"taxonomy":"category","embeddable":true,"href":"https:\/\/www.actualidadadiario.com\/index.php\/wp-json\/wp\/v2\/categories?post=35928"},{"taxonomy":"post_tag","embeddable":true,"href":"https:\/\/www.actualidadadiario.com\/index.php\/wp-json\/wp\/v2\/tags?post=35928"}],"curies":[{"name":"wp","href":"https:\/\/api.w.org\/{rel}","templated":true}]}}