{"id":34004,"date":"2018-10-02T10:15:07","date_gmt":"2018-10-02T13:15:07","guid":{"rendered":"https:\/\/www.actualidadadiario.com\/?p=34004"},"modified":"2018-11-06T19:35:54","modified_gmt":"2018-11-06T22:35:54","slug":"asignaciones-se-extiende-el-plazo-para-la-presentacion-de-la-libreta-de-seguridad-social","status":"publish","type":"post","link":"https:\/\/www.actualidadadiario.com\/index.php\/2018\/10\/02\/asignaciones-se-extiende-el-plazo-para-la-presentacion-de-la-libreta-de-seguridad-social\/","title":{"rendered":"Asignaciones: Se extiende el plazo para la presentaci\u00f3n de la Libreta de Seguridad Social"},"content":{"rendered":"<p><em><strong>El Gobierno Nacional decidi\u00f3 extender hasta el 31 de diciembre de 2018 inclusive el plazo para que los beneficiarios de esta ayuda, presenten ante ANSES la documentaci\u00f3n donde se registran las vacunaciones y la escolaridad de los menores<\/strong><\/em><\/p>\n<p>&nbsp;<\/p>\n<p>&nbsp;<\/p>\n<p>&nbsp;<\/p>\n<p>&nbsp;<\/p>\n<p>&nbsp;<\/p>\n<p>El Gobierno Nacional, a trav\u00e9s de la Administraci\u00f3n Nacional de la Seguridad Social (ANSES),\u00a0 decidi\u00f3 prorrogar, hasta el 31 de diciembre de 2018 inclusive, el plazo de la presentaci\u00f3n de la Libreta Nacional de Seguridad Social, Salud y Educaci\u00f3n, para quienes reciben Asignaci\u00f3n Universal por Hijo, correspondiente al per\u00edodo 2016, cuyo vencimiento estaba establecido para el 28\/09\/2018.<\/p>\n<p>&nbsp;<\/p>\n<p>En este sentido, la presentaci\u00f3n de esta Libreta por parte de quienes reciben el beneficio, significa\u00a0 la continuidad en el cobro del 80% mensual de la Asignaci\u00f3n Universal por Hijo para Protecci\u00f3n Social.<\/p>\n<p>&nbsp;<\/p>\n<p>Seg\u00fan la Resoluci\u00f3n 163\/2018 de ANSES, como condici\u00f3n para la liquidaci\u00f3n de la asignaci\u00f3n y para garantizar el logro del objetivo de la norma de atender las necesidades de menores y adolescentes en situaci\u00f3n de vulnerabilidad social, se incorporaron requisitos relacionados con la salud y educaci\u00f3n de los mismos, \u201ccomo mecanismo de superaci\u00f3n de la reproducci\u00f3n intergeneracional de la pobreza\u201d.<\/p>\n<p>&nbsp;<\/p>\n<p>Asimismo, para el cobro total del beneficio, se exige la acreditaci\u00f3n de la efectiva escolaridad de los menores, como tambi\u00e9n que se haya cumplido con el plan anual de vacunaci\u00f3n y controles sanitarios, as\u00ed como la presentaci\u00f3n de una declaraci\u00f3n jurada por parte del titular del beneficio, relativa al cumplimiento de los mencionados requisitos.<\/p>\n<p>&nbsp;<\/p>\n<p>As\u00ed, esta Libreta deber\u00e1 ser presentada en las dependencias de la ANSES, desde el primer d\u00eda h\u00e1bil de enero y hasta el \u00faltimo d\u00eda h\u00e1bil de diciembre de cada a\u00f1o.<\/p>\n","protected":false},"excerpt":{"rendered":"<p>El Gobierno Nacional decidi\u00f3 extender hasta el 31 de diciembre de 2018 inclusive el plazo para que los beneficiarios de esta ayuda, presenten ante ANSES la documentaci\u00f3n donde se registran las vacunaciones y la escolaridad de los menores &nbsp; &nbsp; &nbsp; &nbsp; &nbsp; El Gobierno Nacional, a trav\u00e9s de la Administraci\u00f3n Nacional de la Seguridad Social (ANSES),\u00a0 decidi\u00f3 prorrogar, hasta el 31 de diciembre de 2018 inclusive, el plazo de la presentaci\u00f3n de la Libreta Nacional de Seguridad Social, Salud y Educaci\u00f3n, para quienes reciben Asignaci\u00f3n Universal por Hijo, correspondiente&#8230;<\/p>\n","protected":false},"author":3,"featured_media":4943,"comment_status":"closed","ping_status":"closed","sticky":false,"template":"","format":"standard","meta":[],"categories":[2],"tags":[],"_links":{"self":[{"href":"https:\/\/www.actualidadadiario.com\/index.php\/wp-json\/wp\/v2\/posts\/34004"}],"collection":[{"href":"https:\/\/www.actualidadadiario.com\/index.php\/wp-json\/wp\/v2\/posts"}],"about":[{"href":"https:\/\/www.actualidadadiario.com\/index.php\/wp-json\/wp\/v2\/types\/post"}],"author":[{"embeddable":true,"href":"https:\/\/www.actualidadadiario.com\/index.php\/wp-json\/wp\/v2\/users\/3"}],"replies":[{"embeddable":true,"href":"https:\/\/www.actualidadadiario.com\/index.php\/wp-json\/wp\/v2\/comments?post=34004"}],"version-history":[{"count":1,"href":"https:\/\/www.actualidadadiario.com\/index.php\/wp-json\/wp\/v2\/posts\/34004\/revisions"}],"predecessor-version":[{"id":34005,"href":"https:\/\/www.actualidadadiario.com\/index.php\/wp-json\/wp\/v2\/posts\/34004\/revisions\/34005"}],"wp:featuredmedia":[{"embeddable":true,"href":"https:\/\/www.actualidadadiario.com\/index.php\/wp-json\/wp\/v2\/media\/4943"}],"wp:attachment":[{"href":"https:\/\/www.actualidadadiario.com\/index.php\/wp-json\/wp\/v2\/media?parent=34004"}],"wp:term":[{"taxonomy":"category","embeddable":true,"href":"https:\/\/www.actualidadadiario.com\/index.php\/wp-json\/wp\/v2\/categories?post=34004"},{"taxonomy":"post_tag","embeddable":true,"href":"https:\/\/www.actualidadadiario.com\/index.php\/wp-json\/wp\/v2\/tags?post=34004"}],"curies":[{"name":"wp","href":"https:\/\/api.w.org\/{rel}","templated":true}]}}