{"id":34001,"date":"2018-10-02T10:14:33","date_gmt":"2018-10-02T13:14:33","guid":{"rendered":"https:\/\/www.actualidadadiario.com\/?p=34001"},"modified":"2018-11-06T19:35:54","modified_gmt":"2018-11-06T22:35:54","slug":"por-la-situacion-economica-ypf-podria-cerrar-pozos-de-gas","status":"publish","type":"post","link":"https:\/\/www.actualidadadiario.com\/index.php\/2018\/10\/02\/por-la-situacion-economica-ypf-podria-cerrar-pozos-de-gas\/","title":{"rendered":"Por la situaci\u00f3n econ\u00f3mica, YPF podr\u00eda cerrar pozos de gas"},"content":{"rendered":"<p><em><strong>La ca\u00edda de la demanda y la baja de consumo estacional que anticipan llevaron a la petrolera estatal a evaluar la necesidad de reducir la oferta<\/strong><\/em><\/p>\n<p>&nbsp;<\/p>\n<p>&nbsp;<\/p>\n<p>&nbsp;<\/p>\n<p>&nbsp;<\/p>\n<p>YPF, la empresa energ\u00e9tica estatal, cerrar\u00e1 algunos de sus pozos de gas natural en momentos en que la segunda recesi\u00f3n del pa\u00eds en tres a\u00f1os frena la demanda, seg\u00fan fuentes cercanas al asunto.<\/p>\n<p>&nbsp;<\/p>\n<p>La compa\u00f1\u00eda estaba invirtiendo fuertemente en gas shale y el gobierno subsidi\u00f3 su producci\u00f3n a fin de revertir un costoso d\u00e9ficit comercial de energ\u00eda. No obstante, debido a la crisis econ\u00f3mica la empresa tendr\u00e1 que reducir la oferta, se\u00f1alaron las fuentes, que no tienen autorizaci\u00f3n para hablar p\u00fablicamente.<\/p>\n<p>&nbsp;<\/p>\n<p>Se pronostica que la econom\u00eda argentina se contraer\u00e1 1,6% este a\u00f1o y empeorar\u00e1 en el primer trimestre de 2019, luego de que la inquietud de los inversores por el d\u00e9ficit fiscal desencadenara una depreciaci\u00f3n del peso. Incluso antes de que llegara la recesi\u00f3n las perforadoras ya se preparaban para el problema de los aumentos estacionales de la demanda.<\/p>\n<p>&nbsp;<\/p>\n<p>Argentina consume mucho menos gas en verano que en los meses m\u00e1s fr\u00edos del invierno y hace poco volvi\u00f3 a exportar el hidrocarburo a Chile para mitigar la situaci\u00f3n. El exceso de oferta se ve agravado por un contrato suscrito por el gobierno para importar desde Bolivia hasta 2026. Tambi\u00e9n se debe considerar la aparici\u00f3n de un competidor de YPF, Tecpetrol, que llena el mercado de gas del yacimiento de shale Vaca Muerta desde su proyecto Fort\u00edn de Piedra.<\/p>\n<p>&nbsp;<\/p>\n<p>\u201cNo hay duda sobre las caracter\u00edsticas geol\u00f3gicas de Vaca Muerta. Fort\u00edn de Piedra es un claro ejemplo&#8221;, coment\u00f3 Juan Manuel V\u00e1zquez, jefe de investigaci\u00f3n de capital y cr\u00e9dito de Puente Hnos. en Buenos Aires. &#8220;Sin embargo, existe un problema de demanda debido a la estacionalidad y la ca\u00edda de la actividad econ\u00f3mica&#8221;.<\/p>\n<p>&nbsp;<\/p>\n<p>La producci\u00f3n de gas de YPF en el segundo trimestre del a\u00f1o, cuando empez\u00f3 la recesi\u00f3n, promedi\u00f3 44 millones de metros c\u00fabicos diarios, 1,3% menos que en el mismo per\u00edodo de 2017 &#8220;debido a una menor demanda&#8221;, seg\u00fan un informe de resultados.<\/p>\n","protected":false},"excerpt":{"rendered":"<p>La ca\u00edda de la demanda y la baja de consumo estacional que anticipan llevaron a la petrolera estatal a evaluar la necesidad de reducir la oferta &nbsp; &nbsp; &nbsp; &nbsp; YPF, la empresa energ\u00e9tica estatal, cerrar\u00e1 algunos de sus pozos de gas natural en momentos en que la segunda recesi\u00f3n del pa\u00eds en tres a\u00f1os frena la demanda, seg\u00fan fuentes cercanas al asunto. &nbsp; La compa\u00f1\u00eda estaba invirtiendo fuertemente en gas shale y el gobierno subsidi\u00f3 su producci\u00f3n a fin de revertir un costoso d\u00e9ficit comercial de energ\u00eda. No obstante,&#8230;<\/p>\n","protected":false},"author":3,"featured_media":34002,"comment_status":"closed","ping_status":"closed","sticky":false,"template":"","format":"standard","meta":[],"categories":[2],"tags":[],"_links":{"self":[{"href":"https:\/\/www.actualidadadiario.com\/index.php\/wp-json\/wp\/v2\/posts\/34001"}],"collection":[{"href":"https:\/\/www.actualidadadiario.com\/index.php\/wp-json\/wp\/v2\/posts"}],"about":[{"href":"https:\/\/www.actualidadadiario.com\/index.php\/wp-json\/wp\/v2\/types\/post"}],"author":[{"embeddable":true,"href":"https:\/\/www.actualidadadiario.com\/index.php\/wp-json\/wp\/v2\/users\/3"}],"replies":[{"embeddable":true,"href":"https:\/\/www.actualidadadiario.com\/index.php\/wp-json\/wp\/v2\/comments?post=34001"}],"version-history":[{"count":1,"href":"https:\/\/www.actualidadadiario.com\/index.php\/wp-json\/wp\/v2\/posts\/34001\/revisions"}],"predecessor-version":[{"id":34003,"href":"https:\/\/www.actualidadadiario.com\/index.php\/wp-json\/wp\/v2\/posts\/34001\/revisions\/34003"}],"wp:featuredmedia":[{"embeddable":true,"href":"https:\/\/www.actualidadadiario.com\/index.php\/wp-json\/wp\/v2\/media\/34002"}],"wp:attachment":[{"href":"https:\/\/www.actualidadadiario.com\/index.php\/wp-json\/wp\/v2\/media?parent=34001"}],"wp:term":[{"taxonomy":"category","embeddable":true,"href":"https:\/\/www.actualidadadiario.com\/index.php\/wp-json\/wp\/v2\/categories?post=34001"},{"taxonomy":"post_tag","embeddable":true,"href":"https:\/\/www.actualidadadiario.com\/index.php\/wp-json\/wp\/v2\/tags?post=34001"}],"curies":[{"name":"wp","href":"https:\/\/api.w.org\/{rel}","templated":true}]}}