{"id":33998,"date":"2018-10-02T10:13:52","date_gmt":"2018-10-02T13:13:52","guid":{"rendered":"https:\/\/www.actualidadadiario.com\/?p=33998"},"modified":"2018-11-06T19:35:54","modified_gmt":"2018-11-06T22:35:54","slug":"a-pesar-de-las-retenciones-la-recaudacion-cayo-un-56-real","status":"publish","type":"post","link":"https:\/\/www.actualidadadiario.com\/index.php\/2018\/10\/02\/a-pesar-de-las-retenciones-la-recaudacion-cayo-un-56-real\/","title":{"rendered":"A pesar de las retenciones, la recaudaci\u00f3n cay\u00f3 un 5,6% real"},"content":{"rendered":"<p><em><strong>Cuccioli no se mostr\u00f3 optimista acerca de los pr\u00f3ximos meses<\/strong><\/em><\/p>\n<p>&nbsp;<\/p>\n<p>&nbsp;<\/p>\n<p>&nbsp;<\/p>\n<p>&nbsp;<\/p>\n<p>La recesi\u00f3n ya le pone palos en la rueda a la b\u00fasqueda oficial de alcanzar niveles de d\u00e9ficit fiscal cero: en septiembre la recaudaci\u00f3n tributaria cay\u00f3 5,6% real interanual, si se estima una inflaci\u00f3n algo optimista de 6% en septiembre (algunos la estiman en hasta 7%). El dato fue presentado ayer en conferencia de prensa por el director ejecutivo de AFIP, Leandro Cuccioli, quien reconoci\u00f3 que para los pr\u00f3ximos meses cabe esperar n\u00fameros &#8220;no tan buenos&#8221;.<\/p>\n<p>&nbsp;<\/p>\n<p>En t\u00e9rminos nominales la variaci\u00f3n de la recaudaci\u00f3n de septiembre fue de 32%. El dato oficial de inflaci\u00f3n del \u00faltimo mes ser\u00e1 publicado reci\u00e9n el 17 de octubre pero las estimaciones privadas prev\u00e9n un piso de 6%, aunque en general la proyectan algo por encima. Durante la conferencia de prensa brindada ayer Cuccioli compar\u00f3 con el 34,4% interanual que dio el IPC Nacional de agosto, lo que implica una ca\u00edda real de 2% en la recaudaci\u00f3n de septiembre. Pero si se compara con lo que se prev\u00e9 que dar\u00e1 como piso la inflaci\u00f3n del \u00faltimo mes, que lleva a una variaci\u00f3n de precios interanual de 39,7%, la ca\u00edda es bastante mayor y llega al mencionado 5,6%.<\/p>\n<p>&nbsp;<\/p>\n<p>La ca\u00edda real de la recaudaci\u00f3n se dio a pesar de una mejora fuerte en los derechos de exportaci\u00f3n, que reflejaron el efecto de la suba de las retenciones anunciadas el mes pasado. Crecieron 165,2% interanual. As\u00ed, la explicaci\u00f3n para el mal desempe\u00f1o se encuentra en la recesi\u00f3n generada por la crisis cambiaria.<\/p>\n<p>&nbsp;<\/p>\n<p>De hecho, los tributos relacionados con la actividad mostraron ca\u00edda real. La seguridad social dio una variaci\u00f3n interanual de 22,2%, bien por debajo del 39,7%. La ca\u00edda real del tributo fue de 12,6%. Al respecto, Cuccioli sostuvo: &#8220;La ca\u00edda en seguridad social se da por la p\u00e9rdida del poder adquisitivo del salario, que estuvo por debajo de la inflaci\u00f3n&#8221;. El impuesto al cheque dio 36,4%, una merma real de 1,2%, aunque con un d\u00eda h\u00e1bil menos que el mismo mes del a\u00f1o pasado.<\/p>\n<p>&nbsp;<\/p>\n<p>Adem\u00e1s, el IVA impositivo dio 37,5%. Una variaci\u00f3n bastante alta pero a\u00fan por debajo del 39,7% que dar\u00eda la inflaci\u00f3n interanual de septiembre. &#8220;El IVA mostr\u00f3 buenos n\u00fameros y recaud\u00f3 m\u00e1s de lo que deber\u00eda, con \u00edndices de actividad negativos pero la recaudaci\u00f3n de ese tributo creciendo; creemos que hay un efecto de formalizaci\u00f3n en la econom\u00eda por todo lo que se hizo respecto a la facturaci\u00f3n ap\u00f3crifa, con la implementaci\u00f3n de la factura electr\u00f3nica y la instalaci\u00f3n de 60.000 posnet por mes, por ejemplo&#8221;, sostuvo Cuccioli.<\/p>\n<p>&nbsp;<\/p>\n<p>Ah\u00ed cabe aclarar: el 37,5% del IVA implica crecimiento s\u00f3lo si se lo compara con la interanual agosto-agosto del IPC Nacional. Si se proyecta septiembre-septiembre dar\u00eda ca\u00edda de 1,6% real. Hacia adentro, tal como inform\u00f3 Cuccioli, el IVA del sector de la intermediaci\u00f3n financiera mostr\u00f3 una variaci\u00f3n de 56,3% interanual, el del comercio una de 47,2% y el de la industria una de 43,1%. Cuccioli no fue muy optimista respecto a lo que viene: &#8220;No deber\u00eda llamar la atenci\u00f3n que los n\u00fameros del IVA no sean tan buenos, por la baja actividad&#8221;.<\/p>\n","protected":false},"excerpt":{"rendered":"<p>Cuccioli no se mostr\u00f3 optimista acerca de los pr\u00f3ximos meses &nbsp; &nbsp; &nbsp; &nbsp; La recesi\u00f3n ya le pone palos en la rueda a la b\u00fasqueda oficial de alcanzar niveles de d\u00e9ficit fiscal cero: en septiembre la recaudaci\u00f3n tributaria cay\u00f3 5,6% real interanual, si se estima una inflaci\u00f3n algo optimista de 6% en septiembre (algunos la estiman en hasta 7%). El dato fue presentado ayer en conferencia de prensa por el director ejecutivo de AFIP, Leandro Cuccioli, quien reconoci\u00f3 que para los pr\u00f3ximos meses cabe esperar n\u00fameros &#8220;no tan buenos&#8221;&#8230;.<\/p>\n","protected":false},"author":3,"featured_media":33999,"comment_status":"closed","ping_status":"closed","sticky":false,"template":"","format":"standard","meta":[],"categories":[2],"tags":[],"_links":{"self":[{"href":"https:\/\/www.actualidadadiario.com\/index.php\/wp-json\/wp\/v2\/posts\/33998"}],"collection":[{"href":"https:\/\/www.actualidadadiario.com\/index.php\/wp-json\/wp\/v2\/posts"}],"about":[{"href":"https:\/\/www.actualidadadiario.com\/index.php\/wp-json\/wp\/v2\/types\/post"}],"author":[{"embeddable":true,"href":"https:\/\/www.actualidadadiario.com\/index.php\/wp-json\/wp\/v2\/users\/3"}],"replies":[{"embeddable":true,"href":"https:\/\/www.actualidadadiario.com\/index.php\/wp-json\/wp\/v2\/comments?post=33998"}],"version-history":[{"count":1,"href":"https:\/\/www.actualidadadiario.com\/index.php\/wp-json\/wp\/v2\/posts\/33998\/revisions"}],"predecessor-version":[{"id":34000,"href":"https:\/\/www.actualidadadiario.com\/index.php\/wp-json\/wp\/v2\/posts\/33998\/revisions\/34000"}],"wp:featuredmedia":[{"embeddable":true,"href":"https:\/\/www.actualidadadiario.com\/index.php\/wp-json\/wp\/v2\/media\/33999"}],"wp:attachment":[{"href":"https:\/\/www.actualidadadiario.com\/index.php\/wp-json\/wp\/v2\/media?parent=33998"}],"wp:term":[{"taxonomy":"category","embeddable":true,"href":"https:\/\/www.actualidadadiario.com\/index.php\/wp-json\/wp\/v2\/categories?post=33998"},{"taxonomy":"post_tag","embeddable":true,"href":"https:\/\/www.actualidadadiario.com\/index.php\/wp-json\/wp\/v2\/tags?post=33998"}],"curies":[{"name":"wp","href":"https:\/\/api.w.org\/{rel}","templated":true}]}}