{"id":33947,"date":"2018-10-01T10:40:05","date_gmt":"2018-10-01T13:40:05","guid":{"rendered":"https:\/\/www.actualidadadiario.com\/?p=33947"},"modified":"2018-11-06T19:35:58","modified_gmt":"2018-11-06T22:35:58","slug":"la-cta-autonoma-inicia-un-acampe-frente-al-congreso","status":"publish","type":"post","link":"https:\/\/www.actualidadadiario.com\/index.php\/2018\/10\/01\/la-cta-autonoma-inicia-un-acampe-frente-al-congreso\/","title":{"rendered":"La CTA Aut\u00f3noma inicia un acampe frente al Congreso"},"content":{"rendered":"<p><em><strong>La medida es en rechazo al proyecto de Presupuesto 2019 que se est\u00e1 debatiendo en diputados<\/strong><\/em><\/p>\n<p>&nbsp;<\/p>\n<p>&nbsp;<\/p>\n<p>&nbsp;<\/p>\n<p>&nbsp;<\/p>\n<p>&nbsp;<\/p>\n<p>La CTA Aut\u00f3noma inicia hoy, y mantendr\u00e1 hasta el viernes que viene, un acampe frente al Congreso en rechazo al proyecto de Presupuesto 2019, que se debate en la C\u00e1mara de Diputados. &#8216;Acampe contra el Presupuesto del FMI; por Trabajo, producci\u00f3n y soberan\u00eda&#8217;, es la consigna que convoca al plan de lucha contra el proyecto del oficialismo, que consideran de ajuste.<\/p>\n<p>&nbsp;<\/p>\n<p>La protesta arrancar\u00e1 este lunes con una &#8216;marcha de antorchas&#8217; frente al Congreso, y continuar\u00e1 el resto de la semana con un cronograma de actividades, que incluye: la proyecci\u00f3n de documentales, charlas debate, clases p\u00fablicas, muestras art\u00edsticas y la presentaci\u00f3n de un documento cr\u00edtico al Presupuesto.<\/p>\n<p>&nbsp;<\/p>\n<p>En tanto, el jueves est\u00e1 prevista una marcha desde el ex Ministerio de Salud hasta Plaza de Mayo, y el viernes a las 16:00 ser\u00e1 el acto de cierre, para el que se espera que una multitud se vuelque a manifestarse en contra de las pol\u00edticas implementadas por el Gobierno encabezado por Mauricio Macri.<\/p>\n<p>&nbsp;<\/p>\n<p>&#8220;Frente a un gobierno que con los mensajes que est\u00e1 dando, en cuanto a ratificar y profundizar el acuerdo con el Fondo Monetario, que nos tenemos que enamorar del FMI y estas cuestiones demuestran que se cierran los m\u00e1rgenes de di\u00e1logo con el Gobierno&#8221;, advirti\u00f3 el titular de la CTA Aut\u00f3noma, Ricardo Peirdo.<\/p>\n<p>&nbsp;<\/p>\n<p>Tras calificar de &#8216;contundente&#8217; el paro nacional, Peirdo se\u00f1al\u00f3: &#8220;En estos dos d\u00edas se expresaron en conjunto todas las luchas de nuestro pueblo&#8221;. Durante una conferencia de prensa, el dirigente anunci\u00f3 que a partir del lunes pr\u00f3ximo, la CTA Aut\u00f3noma, que integra el gremio de estatales ATE nacional realizar\u00e1 cinco d\u00edas de acampe frente al Congreso nacional.<\/p>\n<p>&nbsp;<\/p>\n<p>&#8220;Vamos a rechazar ese presupuesto que significa profundizar la pol\u00edticas de ajuste&#8221;, enfatiz\u00f3 y tambi\u00e9n confirm\u00f3 una movilizaci\u00f3n el pr\u00f3ximo jueves desde el cruce de las avenidas 9 de Julio y Belgrano hasta la sede de la C\u00e1mara Argentina de la Construcci\u00f3n para reclamar que no se vea afectada la obra p\u00fablica.<\/p>\n","protected":false},"excerpt":{"rendered":"<p>La medida es en rechazo al proyecto de Presupuesto 2019 que se est\u00e1 debatiendo en diputados &nbsp; &nbsp; &nbsp; &nbsp; &nbsp; La CTA Aut\u00f3noma inicia hoy, y mantendr\u00e1 hasta el viernes que viene, un acampe frente al Congreso en rechazo al proyecto de Presupuesto 2019, que se debate en la C\u00e1mara de Diputados. &#8216;Acampe contra el Presupuesto del FMI; por Trabajo, producci\u00f3n y soberan\u00eda&#8217;, es la consigna que convoca al plan de lucha contra el proyecto del oficialismo, que consideran de ajuste. &nbsp; La protesta arrancar\u00e1 este lunes con una&#8230;<\/p>\n","protected":false},"author":3,"featured_media":33948,"comment_status":"closed","ping_status":"closed","sticky":false,"template":"","format":"standard","meta":[],"categories":[18],"tags":[],"_links":{"self":[{"href":"https:\/\/www.actualidadadiario.com\/index.php\/wp-json\/wp\/v2\/posts\/33947"}],"collection":[{"href":"https:\/\/www.actualidadadiario.com\/index.php\/wp-json\/wp\/v2\/posts"}],"about":[{"href":"https:\/\/www.actualidadadiario.com\/index.php\/wp-json\/wp\/v2\/types\/post"}],"author":[{"embeddable":true,"href":"https:\/\/www.actualidadadiario.com\/index.php\/wp-json\/wp\/v2\/users\/3"}],"replies":[{"embeddable":true,"href":"https:\/\/www.actualidadadiario.com\/index.php\/wp-json\/wp\/v2\/comments?post=33947"}],"version-history":[{"count":1,"href":"https:\/\/www.actualidadadiario.com\/index.php\/wp-json\/wp\/v2\/posts\/33947\/revisions"}],"predecessor-version":[{"id":33949,"href":"https:\/\/www.actualidadadiario.com\/index.php\/wp-json\/wp\/v2\/posts\/33947\/revisions\/33949"}],"wp:featuredmedia":[{"embeddable":true,"href":"https:\/\/www.actualidadadiario.com\/index.php\/wp-json\/wp\/v2\/media\/33948"}],"wp:attachment":[{"href":"https:\/\/www.actualidadadiario.com\/index.php\/wp-json\/wp\/v2\/media?parent=33947"}],"wp:term":[{"taxonomy":"category","embeddable":true,"href":"https:\/\/www.actualidadadiario.com\/index.php\/wp-json\/wp\/v2\/categories?post=33947"},{"taxonomy":"post_tag","embeddable":true,"href":"https:\/\/www.actualidadadiario.com\/index.php\/wp-json\/wp\/v2\/tags?post=33947"}],"curies":[{"name":"wp","href":"https:\/\/api.w.org\/{rel}","templated":true}]}}