{"id":33945,"date":"2018-10-01T10:39:28","date_gmt":"2018-10-01T13:39:28","guid":{"rendered":"https:\/\/www.actualidadadiario.com\/?p=33945"},"modified":"2018-11-06T19:35:58","modified_gmt":"2018-11-06T22:35:58","slug":"rosenkrantz-asume-al-frente-de-la-corte-suprema-de-justicia","status":"publish","type":"post","link":"https:\/\/www.actualidadadiario.com\/index.php\/2018\/10\/01\/rosenkrantz-asume-al-frente-de-la-corte-suprema-de-justicia\/","title":{"rendered":"Rosenkrantz asume al frente de la Corte Suprema de Justicia"},"content":{"rendered":"<p><em><strong>Tras once a\u00f1os, se termina la &#8220;era Lorenzetti&#8221; en el m\u00e1ximo tribunal<\/strong><\/em><\/p>\n<p>&nbsp;<\/p>\n<p>&nbsp;<\/p>\n<p>&nbsp;<\/p>\n<p>El juez de la Corte Suprema de Justicia Carlos Rosenkrantz asumir\u00e1 hoy la presidencia del m\u00e1ximo tribunal del pa\u00eds en reemplazo de Ricardo Lorenzetti.<\/p>\n<p>&nbsp;<\/p>\n<p>Rosenkrantz, que fue propuesto junto a Horacio Rosatti por el presidente Mauricio Macri para integrar la Corte, fue elegido el \u00faltimo 11 de septiembre para reemplazar en el cargo a Lorenzetti, que encabeza el tribunal desde hace once a\u00f1os.<\/p>\n<p>&nbsp;<\/p>\n<p>En aquella reuni\u00f3n Rosenkrantz fue elegido por 4 votos a 1 (el \u00fanico que vot\u00f3 a favor de la continuidad de Lorenzetti fue Juan Carlos Maqueda) y se decidi\u00f3 adelantar el comienzo del nuevo mandato al 1 de octubre, ya que la gesti\u00f3n de Lorenzetti venc\u00eda el 31 de diciembre pr\u00f3ximo. La actual vicepresidenta Elena Highton de Nolasco seguir\u00e1 en ese puesto, mientras que Lorenzetti, Rosatti y Maqueda ser\u00e1n vocales durante los pr\u00f3ximos tres a\u00f1os.<\/p>\n<p>&nbsp;<\/p>\n<p>La elecci\u00f3n fue una sorpresa para todo el ambiente pol\u00edtico y judicial y a su alrededor se tejieron varias versiones: una de ellas se\u00f1al\u00f3 que la decisi\u00f3n de Highton, de Rosatti y del propio Rosenkrantz sorprendi\u00f3 incluso a Lorenzetti, que confiaba en ser reelecto.<\/p>\n<p>&nbsp;<\/p>\n<p>Finalmente, al t\u00e9rmino de esa reuni\u00f3n de cuatro horas (inusualmente extensa, seg\u00fan quienes conocen la din\u00e1mica del m\u00e1ximo tribunal) el actual presidente de la Corte tambi\u00e9n vot\u00f3 a favor de su oponente interno.<\/p>\n<p>&nbsp;<\/p>\n<p>Rosenkrantz ingres\u00f3 a la Corte Suprema el 22 de agosto de 2016, tras ser propuesto por Macri, que intent\u00f3 designarlo junto a Rosatti por decreto pero debido al rechazo un\u00e1nime de la oposici\u00f3n, finalmente cumpli\u00f3 con el procedimiento legal de enviar su propuesta al Senado, donde ambos fueron avalados.<\/p>\n<p>&nbsp;<\/p>\n<p>La elecci\u00f3n de Rosenkrantz como presidente fue cuestionada por organismos de derechos humanos y diversos sectores pol\u00edticos que recordaron que fue uno de los jueces que el a\u00f1o pasado propici\u00f3 el fallo que otorg\u00f3 el beneficio del 2&#215;1 a un represor de la \u00faltima dictadura.<\/p>\n","protected":false},"excerpt":{"rendered":"<p>Tras once a\u00f1os, se termina la &#8220;era Lorenzetti&#8221; en el m\u00e1ximo tribunal &nbsp; &nbsp; &nbsp; El juez de la Corte Suprema de Justicia Carlos Rosenkrantz asumir\u00e1 hoy la presidencia del m\u00e1ximo tribunal del pa\u00eds en reemplazo de Ricardo Lorenzetti. &nbsp; Rosenkrantz, que fue propuesto junto a Horacio Rosatti por el presidente Mauricio Macri para integrar la Corte, fue elegido el \u00faltimo 11 de septiembre para reemplazar en el cargo a Lorenzetti, que encabeza el tribunal desde hace once a\u00f1os. &nbsp; En aquella reuni\u00f3n Rosenkrantz fue elegido por 4 votos a&#8230;<\/p>\n","protected":false},"author":3,"featured_media":32984,"comment_status":"closed","ping_status":"closed","sticky":false,"template":"","format":"standard","meta":[],"categories":[18],"tags":[],"_links":{"self":[{"href":"https:\/\/www.actualidadadiario.com\/index.php\/wp-json\/wp\/v2\/posts\/33945"}],"collection":[{"href":"https:\/\/www.actualidadadiario.com\/index.php\/wp-json\/wp\/v2\/posts"}],"about":[{"href":"https:\/\/www.actualidadadiario.com\/index.php\/wp-json\/wp\/v2\/types\/post"}],"author":[{"embeddable":true,"href":"https:\/\/www.actualidadadiario.com\/index.php\/wp-json\/wp\/v2\/users\/3"}],"replies":[{"embeddable":true,"href":"https:\/\/www.actualidadadiario.com\/index.php\/wp-json\/wp\/v2\/comments?post=33945"}],"version-history":[{"count":1,"href":"https:\/\/www.actualidadadiario.com\/index.php\/wp-json\/wp\/v2\/posts\/33945\/revisions"}],"predecessor-version":[{"id":33946,"href":"https:\/\/www.actualidadadiario.com\/index.php\/wp-json\/wp\/v2\/posts\/33945\/revisions\/33946"}],"wp:featuredmedia":[{"embeddable":true,"href":"https:\/\/www.actualidadadiario.com\/index.php\/wp-json\/wp\/v2\/media\/32984"}],"wp:attachment":[{"href":"https:\/\/www.actualidadadiario.com\/index.php\/wp-json\/wp\/v2\/media?parent=33945"}],"wp:term":[{"taxonomy":"category","embeddable":true,"href":"https:\/\/www.actualidadadiario.com\/index.php\/wp-json\/wp\/v2\/categories?post=33945"},{"taxonomy":"post_tag","embeddable":true,"href":"https:\/\/www.actualidadadiario.com\/index.php\/wp-json\/wp\/v2\/tags?post=33945"}],"curies":[{"name":"wp","href":"https:\/\/api.w.org\/{rel}","templated":true}]}}