{"id":33939,"date":"2018-10-01T10:38:13","date_gmt":"2018-10-01T13:38:13","guid":{"rendered":"https:\/\/www.actualidadadiario.com\/?p=33939"},"modified":"2018-11-06T19:35:59","modified_gmt":"2018-11-06T22:35:59","slug":"schmid-pego-el-portazo-en-la-cgt","status":"publish","type":"post","link":"https:\/\/www.actualidadadiario.com\/index.php\/2018\/10\/01\/schmid-pego-el-portazo-en-la-cgt\/","title":{"rendered":"Schmid peg\u00f3 el portazo en la CGT"},"content":{"rendered":"<p><em><strong>H\u00e9ctor Daer confirm\u00f3 la renuncia de Juan Carlos Schmid a la conducci\u00f3n de la CGT<\/strong><\/em><\/p>\n<p>&nbsp;<\/p>\n<p>&nbsp;<\/p>\n<p>&nbsp;<\/p>\n<p>&nbsp;<\/p>\n<p>El l\u00edder de la Confederaci\u00f3n Argentina de Trabajadores de Transporte (CATT), Juan Carlos Schmid, abandon\u00f3 la conducci\u00f3n de la CGT, seg\u00fan confirm\u00f3 uno de los triunviros de la central gremial, H\u00e9ctor Daer. La renuncia de Schmid se produjo de manera imprevista y dej\u00f3 a la CGT sin triunvirato, dado que en la conducci\u00f3n quedar\u00e1n solo Daer y Carlos Acu\u00f1a.<\/p>\n<p>&nbsp;<\/p>\n<p>Daer confirm\u00f3 la renuncia de su colega, al se\u00f1alar que la misma es &#8220;de p\u00fablico conocimiento&#8221;, pero aclar\u00f3 que &#8220;las razones (del alejamiento) las tiene que comunicar \u00e9l&#8221;, aunque fuentes cercanas a Schmid evitaron confirmar o negar el paso al costado del dirigente sindical. Aunque no sal\u00edan a la superficie p\u00fablica, hace tiempo que Schmid exhib\u00eda matices en la CGT y no se sent\u00eda c\u00f3modo con el rumbo de la central obrera.<\/p>\n<p>&nbsp;<\/p>\n<p>A su entender expresaba posiciones demasiado indulgentes hacia el Gobierno nacional. La decisi\u00f3n ven\u00eda madurando hace semanas pero reci\u00e9n tom\u00f3 estado p\u00fablico este domingo, luego del paro general del pasado martes 25, que para buena parte del arco sindical lleg\u00f3 tarde teniendo en cuenta las consecuencias de la crisis cambiaria en el mundo del trabajo.<\/p>\n<p>&nbsp;<\/p>\n<p>&#8220;Las medidas de fuerzas son un instrumento leg\u00edtimo que no hay que desgastar&#8221;, hab\u00eda dicho el dirigente de Sanidad este mismo domingo. Schmid ya hab\u00eda amenazado en el pasado con pegar el portazo por sus diferencias con sus compa\u00f1eros de ruta en el triunvirato, pero por distintas circunstancias se mantuvo en el cargo.<\/p>\n<p>&nbsp;<\/p>\n<p>Ahora, el referente de los gremios del transporte podr\u00eda volver a replegarse en el moyanismo, espacio que est\u00e1 tejiendo un polo de articulaci\u00f3n sindical junto a la Corriente Federal de Trabajadores que encabeza el bancario Sergio Palazzo y las dos CTA. Tambi\u00e9n el portuario tiene aceitados v\u00ednculos con los movimientos sociales, y en especial con el emergente l\u00edder de la CTEP Juan Grabois, hoy congraciado con el kirchnerismo.<\/p>\n<p>&nbsp;<\/p>\n<p>Fue justamente Schmid quien promovi\u00f3 que los movimientos sociales se sentaran en la mesa de la CGT con vistas a integrarlos paulatinamente en la mesa de decisiones, proyecto que no prosper\u00f3 por la resistencia de los popes de sindicatos tradicionales, temerosos de un posible &#8220;copamiento&#8221; de los espacios de poder en la central.<\/p>\n<p>&nbsp;<\/p>\n<p>En los albores del Gobierno de Mauricio Macri, Schmid hab\u00eda sido ungido integrante del triunvirato como representante del ala moyanista de la CGT, pero a los pocos meses de asumir tom\u00f3 distancia por diferencias pol\u00edticas. La nueva coyuntura pol\u00edtica, con un Hugo Moyano otra vez ofreciendo una versi\u00f3n de oposici\u00f3n tenaz tras su fugaz apoyo a Macri en la campa\u00f1a de 2015, podr\u00eda volver a ubicar al camionero y al portuario otra vez en la misma vereda sindical.<\/p>\n<p>&nbsp;<\/p>\n<p>Lo cierto es que el di\u00e1logo nunca se hab\u00eda cortado totalmente, y d\u00edas atr\u00e1s Schmid y Moyano tuvieron un encuentro en el que recompusieron el v\u00ednculo. La decisi\u00f3n de Camioneros de retirarse de la central de la calle Azopardo habr\u00eda influido de manera determinante en la ruptura de Schmid con la CGT. La fuga creciente de sindicatos de peso de la CGT (como Camioneros, Peajes y Canillitas) deja a la conducci\u00f3n en una situaci\u00f3n delicada.<\/p>\n","protected":false},"excerpt":{"rendered":"<p>H\u00e9ctor Daer confirm\u00f3 la renuncia de Juan Carlos Schmid a la conducci\u00f3n de la CGT &nbsp; &nbsp; &nbsp; &nbsp; El l\u00edder de la Confederaci\u00f3n Argentina de Trabajadores de Transporte (CATT), Juan Carlos Schmid, abandon\u00f3 la conducci\u00f3n de la CGT, seg\u00fan confirm\u00f3 uno de los triunviros de la central gremial, H\u00e9ctor Daer. La renuncia de Schmid se produjo de manera imprevista y dej\u00f3 a la CGT sin triunvirato, dado que en la conducci\u00f3n quedar\u00e1n solo Daer y Carlos Acu\u00f1a. &nbsp; Daer confirm\u00f3 la renuncia de su colega, al se\u00f1alar que la&#8230;<\/p>\n","protected":false},"author":3,"featured_media":33940,"comment_status":"closed","ping_status":"closed","sticky":false,"template":"","format":"standard","meta":[],"categories":[9],"tags":[],"_links":{"self":[{"href":"https:\/\/www.actualidadadiario.com\/index.php\/wp-json\/wp\/v2\/posts\/33939"}],"collection":[{"href":"https:\/\/www.actualidadadiario.com\/index.php\/wp-json\/wp\/v2\/posts"}],"about":[{"href":"https:\/\/www.actualidadadiario.com\/index.php\/wp-json\/wp\/v2\/types\/post"}],"author":[{"embeddable":true,"href":"https:\/\/www.actualidadadiario.com\/index.php\/wp-json\/wp\/v2\/users\/3"}],"replies":[{"embeddable":true,"href":"https:\/\/www.actualidadadiario.com\/index.php\/wp-json\/wp\/v2\/comments?post=33939"}],"version-history":[{"count":1,"href":"https:\/\/www.actualidadadiario.com\/index.php\/wp-json\/wp\/v2\/posts\/33939\/revisions"}],"predecessor-version":[{"id":33941,"href":"https:\/\/www.actualidadadiario.com\/index.php\/wp-json\/wp\/v2\/posts\/33939\/revisions\/33941"}],"wp:featuredmedia":[{"embeddable":true,"href":"https:\/\/www.actualidadadiario.com\/index.php\/wp-json\/wp\/v2\/media\/33940"}],"wp:attachment":[{"href":"https:\/\/www.actualidadadiario.com\/index.php\/wp-json\/wp\/v2\/media?parent=33939"}],"wp:term":[{"taxonomy":"category","embeddable":true,"href":"https:\/\/www.actualidadadiario.com\/index.php\/wp-json\/wp\/v2\/categories?post=33939"},{"taxonomy":"post_tag","embeddable":true,"href":"https:\/\/www.actualidadadiario.com\/index.php\/wp-json\/wp\/v2\/tags?post=33939"}],"curies":[{"name":"wp","href":"https:\/\/api.w.org\/{rel}","templated":true}]}}