{"id":33936,"date":"2018-10-01T10:37:27","date_gmt":"2018-10-01T13:37:27","guid":{"rendered":"https:\/\/www.actualidadadiario.com\/?p=33936"},"modified":"2018-11-06T19:35:59","modified_gmt":"2018-11-06T22:35:59","slug":"gil-lavedra-denuncio-excesos-con-el-uso-de-la-prision-preventiva","status":"publish","type":"post","link":"https:\/\/www.actualidadadiario.com\/index.php\/2018\/10\/01\/gil-lavedra-denuncio-excesos-con-el-uso-de-la-prision-preventiva\/","title":{"rendered":"Gil Lavedra denunci\u00f3 &#8220;excesos&#8221; con el uso de la prisi\u00f3n preventiva"},"content":{"rendered":"<p><em><strong>El abogado y ex juez Ricardo Gil Lavedra sostuvo que &#8220;hubo ciertos excesos&#8221; en la aplicaci\u00f3n de la prisi\u00f3n preventiva y marc\u00f3 su postura en contra de la existencia de la figura del arrepentido<\/strong><\/em><\/p>\n<p>&nbsp;<\/p>\n<p>&nbsp;<\/p>\n<p>&nbsp;<\/p>\n<p>&nbsp;<\/p>\n<p>&#8220;Es probable que haya cierto uso indebido de la prisi\u00f3n preventiva, es una medida extrema, no puede utilizarse como regla, hubo ciertos excesos&#8221;, reconoci\u00f3 el dirigente radical y ex juez del Juicio a las Juntas Militares.<\/p>\n<p>&nbsp;<\/p>\n<p>En di\u00e1logo con radio La Patriada, afirm\u00f3 adem\u00e1s que &#8220;no alcanza con la declaraci\u00f3n de un arrepentido para condenar a una persona&#8221;, y dijo que personalmente \u00e9l &#8220;preferir\u00eda que no existiese la figura del arrepentido&#8221; porque &#8220;tiene muchos dilemas morales y jur\u00eddicos&#8221;.<\/p>\n<p>&nbsp;<\/p>\n<p>Consultado sobre la causa de los cuadernos, que tiene bajo la mira a empresarios de la obra p\u00fablica, a la ex presidenta Cristina Kirchner y funcionarios de su gobierno, destac\u00f3 que &#8220;el tronco de las imputaciones que surgen de las fotocopias de los cuadernos han sido acreditadas por otras pruebas&#8221;.<\/p>\n<p>&nbsp;<\/p>\n<p>Al referirse a la situaci\u00f3n de la econom\u00eda que atraviesa un panorama incierto, dijo que esa situaci\u00f3n es &#8220;fruto del desmanejo de muchos a\u00f1os&#8221; y consider\u00f3 que la \u00fanica opci\u00f3n para evitar &#8220;ir de estallido en estallido&#8221; es &#8220;eliminar el d\u00e9ficit fiscal&#8221;.<\/p>\n<p>&nbsp;<\/p>\n<p>Sobre la probable candidatura a la reelecci\u00f3n del presidente Mauricio Macri, Gil Lavedra ratific\u00f3 que apoyar\u00e1 al &#8220;candidato que sea&#8221; dentro de la coalici\u00f3n Cambiemos que integra la UCR.<\/p>\n<p>&nbsp;<\/p>\n<p>Por \u00faltimo, el ex magistrado anticip\u00f3 que la reforma del C\u00f3digo Penal en la que trabaja junto a un grupo de expertos &#8220;traer\u00e1 modificaciones en la penalizaci\u00f3n del aborto&#8221;, al precisar que &#8220;lleva por mayor\u00eda un texto que mejora las causales de aborto no punible, incorporando la aclaraci\u00f3n del fallo FAL con respecto a violaciones&#8221;<\/p>\n<p>&nbsp;<\/p>\n<p>&#8220;Sin necesidad de que sea una mujer idiota o demente como dice el actual, tambi\u00e9n cuando haya un grave da\u00f1o para la salud f\u00edsica o mental como establece la Organizaci\u00f3n Mundial de la Salud&#8221;, detall\u00f3.<\/p>\n<p>&nbsp;<\/p>\n<p>&#8220;Lo m\u00e1s importante es que en el art\u00edculo 88 da la posibilidad al juez de una dispensa de pena en el caso del aborto practicado por la mujer, cualquiera sea el plazo&#8221;, recalc\u00f3 Gil Lavedra, que inform\u00f3 que el proyecto de reforma penal se enviar\u00e1 al Congreso una vez que se haya aprobado el presupuesto 2019.<\/p>\n","protected":false},"excerpt":{"rendered":"<p>El abogado y ex juez Ricardo Gil Lavedra sostuvo que &#8220;hubo ciertos excesos&#8221; en la aplicaci\u00f3n de la prisi\u00f3n preventiva y marc\u00f3 su postura en contra de la existencia de la figura del arrepentido &nbsp; &nbsp; &nbsp; &nbsp; &#8220;Es probable que haya cierto uso indebido de la prisi\u00f3n preventiva, es una medida extrema, no puede utilizarse como regla, hubo ciertos excesos&#8221;, reconoci\u00f3 el dirigente radical y ex juez del Juicio a las Juntas Militares. &nbsp; En di\u00e1logo con radio La Patriada, afirm\u00f3 adem\u00e1s que &#8220;no alcanza con la declaraci\u00f3n de&#8230;<\/p>\n","protected":false},"author":3,"featured_media":33937,"comment_status":"closed","ping_status":"closed","sticky":false,"template":"","format":"standard","meta":[],"categories":[18],"tags":[],"_links":{"self":[{"href":"https:\/\/www.actualidadadiario.com\/index.php\/wp-json\/wp\/v2\/posts\/33936"}],"collection":[{"href":"https:\/\/www.actualidadadiario.com\/index.php\/wp-json\/wp\/v2\/posts"}],"about":[{"href":"https:\/\/www.actualidadadiario.com\/index.php\/wp-json\/wp\/v2\/types\/post"}],"author":[{"embeddable":true,"href":"https:\/\/www.actualidadadiario.com\/index.php\/wp-json\/wp\/v2\/users\/3"}],"replies":[{"embeddable":true,"href":"https:\/\/www.actualidadadiario.com\/index.php\/wp-json\/wp\/v2\/comments?post=33936"}],"version-history":[{"count":1,"href":"https:\/\/www.actualidadadiario.com\/index.php\/wp-json\/wp\/v2\/posts\/33936\/revisions"}],"predecessor-version":[{"id":33938,"href":"https:\/\/www.actualidadadiario.com\/index.php\/wp-json\/wp\/v2\/posts\/33936\/revisions\/33938"}],"wp:featuredmedia":[{"embeddable":true,"href":"https:\/\/www.actualidadadiario.com\/index.php\/wp-json\/wp\/v2\/media\/33937"}],"wp:attachment":[{"href":"https:\/\/www.actualidadadiario.com\/index.php\/wp-json\/wp\/v2\/media?parent=33936"}],"wp:term":[{"taxonomy":"category","embeddable":true,"href":"https:\/\/www.actualidadadiario.com\/index.php\/wp-json\/wp\/v2\/categories?post=33936"},{"taxonomy":"post_tag","embeddable":true,"href":"https:\/\/www.actualidadadiario.com\/index.php\/wp-json\/wp\/v2\/tags?post=33936"}],"curies":[{"name":"wp","href":"https:\/\/api.w.org\/{rel}","templated":true}]}}