{"id":33922,"date":"2018-10-01T10:33:54","date_gmt":"2018-10-01T13:33:54","guid":{"rendered":"https:\/\/www.actualidadadiario.com\/?p=33922"},"modified":"2018-11-06T19:36:03","modified_gmt":"2018-11-06T22:36:03","slug":"se-reglamento-la-ley-de-reparacion-economica-para-los-hijos-de-victimas-de-femicidio","status":"publish","type":"post","link":"https:\/\/www.actualidadadiario.com\/index.php\/2018\/10\/01\/se-reglamento-la-ley-de-reparacion-economica-para-los-hijos-de-victimas-de-femicidio\/","title":{"rendered":"Se reglament\u00f3 la Ley de Reparaci\u00f3n Econ\u00f3mica para los hijos de v\u00edctimas de femicidio"},"content":{"rendered":"<p><em><strong>Uno de los requisitos para percibir el beneficio es que su padre haya sido procesado o condenado y que tanto el auto de procesamiento como la sentencia condenatoria se encuentren firmes<\/strong><\/em><\/p>\n<p>&nbsp;<\/p>\n<p>&nbsp;<\/p>\n<p>&nbsp;<\/p>\n<p>&nbsp;<\/p>\n<p>&nbsp;<\/p>\n<p>El Gobierno Nacional reglament\u00f3 la Ley 27.452, de Reparaci\u00f3n Econ\u00f3mica para ni\u00f1os, ni\u00f1as y adolescentes que su progenitor haya sido procesado o condenado por la muerte de su madre, en el marco de una situaci\u00f3n de violencia intrafamiliar o de g\u00e9nero.<\/p>\n<p>&nbsp;<\/p>\n<p>De esta manera, seg\u00fan el Decreto 871\/2018, la Reparaci\u00f3n Econ\u00f3mica para ni\u00f1os, ni\u00f1as y adolescentes se aplicar\u00e1 cuando se cumplan determinados requisitos, como que su padre o progenitor af\u00edn haya sido procesado o condenado y que tanto el auto de procesamiento como la sentencia condenatoria se encuentren firmes. Asimismo, se exigir\u00e1 que la extinci\u00f3n de la acci\u00f3n penal por causa de muerte y que la causal de fallecimiento por violencia intrafamiliar o de g\u00e9nero, hayan sido determinada por autoridad judicial competente.<\/p>\n<p>&nbsp;<\/p>\n<p>Adem\u00e1s, se determin\u00f3 mediante la reglamentaci\u00f3n que la reparaci\u00f3n econ\u00f3mica a favor de los destinatarios, ser\u00e1 retroactiva a la fecha de la comisi\u00f3n del delito que la origina cuando este se produjo con posterioridad a la sanci\u00f3n de la Ley N\u00b0 27.452.<\/p>\n<p>&nbsp;<\/p>\n<p>En tanto, el guardador, tutor, curador, o adoptante deber\u00e1 acreditar tal car\u00e1cter respecto del ni\u00f1o o adolescente, mediante documentaci\u00f3n fehaciente emitida por autoridad judicial competente.<\/p>\n<p>&nbsp;<\/p>\n<p>De esta manera, la sanci\u00f3n de la Ley N\u00b0 27.452, establece que los destinatarios tendr\u00e1n una cobertura integral de salud, que ser\u00e1 brindada mediante el Sistema de Salud P\u00fablico.<\/p>\n<p>&nbsp;<\/p>\n<p>Asimismo, la Administraci\u00f3n Nacional de la Seguridad Social (ANSES), tendr\u00e1 a su cargo la tramitaci\u00f3n administrativa, liquidaci\u00f3n y puesta al pago de la prestaci\u00f3n implementada\u00a0 y\u00a0 la Comisi\u00f3n Permanente de Seguimiento de la Ley N\u00b0 27.452 tendr\u00e1 por finalidad el monitoreo y control del R\u00e9gimen de Reparaci\u00f3n Econ\u00f3mica para ni\u00f1as, ni\u00f1os y adolescentes.<\/p>\n","protected":false},"excerpt":{"rendered":"<p>Uno de los requisitos para percibir el beneficio es que su padre haya sido procesado o condenado y que tanto el auto de procesamiento como la sentencia condenatoria se encuentren firmes &nbsp; &nbsp; &nbsp; &nbsp; &nbsp; El Gobierno Nacional reglament\u00f3 la Ley 27.452, de Reparaci\u00f3n Econ\u00f3mica para ni\u00f1os, ni\u00f1as y adolescentes que su progenitor haya sido procesado o condenado por la muerte de su madre, en el marco de una situaci\u00f3n de violencia intrafamiliar o de g\u00e9nero. &nbsp; De esta manera, seg\u00fan el Decreto 871\/2018, la Reparaci\u00f3n Econ\u00f3mica para ni\u00f1os,&#8230;<\/p>\n","protected":false},"author":3,"featured_media":33923,"comment_status":"closed","ping_status":"closed","sticky":false,"template":"","format":"standard","meta":[],"categories":[2],"tags":[],"_links":{"self":[{"href":"https:\/\/www.actualidadadiario.com\/index.php\/wp-json\/wp\/v2\/posts\/33922"}],"collection":[{"href":"https:\/\/www.actualidadadiario.com\/index.php\/wp-json\/wp\/v2\/posts"}],"about":[{"href":"https:\/\/www.actualidadadiario.com\/index.php\/wp-json\/wp\/v2\/types\/post"}],"author":[{"embeddable":true,"href":"https:\/\/www.actualidadadiario.com\/index.php\/wp-json\/wp\/v2\/users\/3"}],"replies":[{"embeddable":true,"href":"https:\/\/www.actualidadadiario.com\/index.php\/wp-json\/wp\/v2\/comments?post=33922"}],"version-history":[{"count":1,"href":"https:\/\/www.actualidadadiario.com\/index.php\/wp-json\/wp\/v2\/posts\/33922\/revisions"}],"predecessor-version":[{"id":33924,"href":"https:\/\/www.actualidadadiario.com\/index.php\/wp-json\/wp\/v2\/posts\/33922\/revisions\/33924"}],"wp:featuredmedia":[{"embeddable":true,"href":"https:\/\/www.actualidadadiario.com\/index.php\/wp-json\/wp\/v2\/media\/33923"}],"wp:attachment":[{"href":"https:\/\/www.actualidadadiario.com\/index.php\/wp-json\/wp\/v2\/media?parent=33922"}],"wp:term":[{"taxonomy":"category","embeddable":true,"href":"https:\/\/www.actualidadadiario.com\/index.php\/wp-json\/wp\/v2\/categories?post=33922"},{"taxonomy":"post_tag","embeddable":true,"href":"https:\/\/www.actualidadadiario.com\/index.php\/wp-json\/wp\/v2\/tags?post=33922"}],"curies":[{"name":"wp","href":"https:\/\/api.w.org\/{rel}","templated":true}]}}