{"id":33917,"date":"2018-10-01T10:32:35","date_gmt":"2018-10-01T13:32:35","guid":{"rendered":"https:\/\/www.actualidadadiario.com\/?p=33917"},"modified":"2018-11-06T19:36:03","modified_gmt":"2018-11-06T22:36:03","slug":"las-ventas-minoristas-se-desploman-un-92-con-respecto-a-un-ano-atras","status":"publish","type":"post","link":"https:\/\/www.actualidadadiario.com\/index.php\/2018\/10\/01\/las-ventas-minoristas-se-desploman-un-92-con-respecto-a-un-ano-atras\/","title":{"rendered":"Las ventas minoristas se desploman un 9,2% con respecto a un a\u00f1o atr\u00e1s"},"content":{"rendered":"<p><em><strong>Lo revel\u00f3 CAME. Las pymes comerciales acumular una retracci\u00f3n del 4,3% en lo que va de 2018<\/strong><\/em><\/p>\n<p>&nbsp;<\/p>\n<p>&nbsp;<\/p>\n<p>&nbsp;<\/p>\n<p>&nbsp;<\/p>\n<p>Las ventas minoristas en los comercios cayeron en septiembre un 9,2% respecto al mismo mes de 2017 y un 2,9% respecto de agosto \u00faltimo, de acuerdo con un informe difundido este domingo por la CAME.<\/p>\n<p>&nbsp;<\/p>\n<p>Los sectores que m\u00e1s se vieron afectados son los de electrodom\u00e9sticos y art\u00edculos electr\u00f3nicos; bazar y regalos; joyer\u00eda y relojes; bijouterie; calzado; jugueter\u00eda y textiles, entre otros.<\/p>\n<p>&nbsp;<\/p>\n<p>Seg\u00fan el documento publicado por la entidad, hubo derrumbes de hasta dos d\u00edgitos en 11 de los 17 rubros relevados, principalmente a causa del feriado por el D\u00eda del Empleado de Comercio y del paro convocado por la CGT para la semana pasada.<\/p>\n<p>&nbsp;<\/p>\n<p>De esta manera, las peque\u00f1as y medianas empresas cumplen nueve meses consecutivos en baja y acumulan un declive de 4,3% en lo que va del a\u00f1o.<\/p>\n<p>&nbsp;<\/p>\n<p>Si se lo compara con agosto, las ventas cayeron en septiembre un 2,8%, mientras que la gran mayor\u00eda de los negocios consultados tuvo menos salida de sus productos que el a\u00f1o pasado.<\/p>\n<p>&nbsp;<\/p>\n<p>CAME explic\u00f3 que el feriado y el paro de este mes dejaron p\u00e9rdidas en el sector por $12.539 millones, mientras que &#8220;ni siquiera las ofertas de hasta 50% de descuento en productos como textiles, blanquer\u00eda, calzados, marroquiner\u00eda o bazares parecieron despertar el inter\u00e9s de la gente&#8221;.<\/p>\n<p>&nbsp;<\/p>\n<p>&#8220;Todos los rubros est\u00e1n teniendo muy pocas ventas; en alimentos compran lo justo y necesario, cambiando marcas de productos por otros m\u00e1s econ\u00f3micos. Llevar\u00e1 bastante tiempo acomodar esta situaci\u00f3n&#8221;, dijo Mar\u00eda Colombo, de la C\u00e1mara de Comercio, Producci\u00f3n e Industria de la ciudad de Ameghino, provincia de Buenos Aires.<\/p>\n<p>&nbsp;<\/p>\n<p>Por su parte, Antonio Fabi\u00e1n Hryniewicz, de la C\u00e1mara de Peque\u00f1as y Medianas Empresas de Formosa (CAPYMEF), se\u00f1al\u00f3 que &#8220;se nota cada vez m\u00e1s la merma del poder adquisitivo del p\u00fablico&#8221;.<\/p>\n","protected":false},"excerpt":{"rendered":"<p>Lo revel\u00f3 CAME. Las pymes comerciales acumular una retracci\u00f3n del 4,3% en lo que va de 2018 &nbsp; &nbsp; &nbsp; &nbsp; Las ventas minoristas en los comercios cayeron en septiembre un 9,2% respecto al mismo mes de 2017 y un 2,9% respecto de agosto \u00faltimo, de acuerdo con un informe difundido este domingo por la CAME. &nbsp; Los sectores que m\u00e1s se vieron afectados son los de electrodom\u00e9sticos y art\u00edculos electr\u00f3nicos; bazar y regalos; joyer\u00eda y relojes; bijouterie; calzado; jugueter\u00eda y textiles, entre otros. &nbsp; Seg\u00fan el documento publicado por&#8230;<\/p>\n","protected":false},"author":3,"featured_media":33918,"comment_status":"closed","ping_status":"closed","sticky":false,"template":"","format":"standard","meta":[],"categories":[2],"tags":[],"_links":{"self":[{"href":"https:\/\/www.actualidadadiario.com\/index.php\/wp-json\/wp\/v2\/posts\/33917"}],"collection":[{"href":"https:\/\/www.actualidadadiario.com\/index.php\/wp-json\/wp\/v2\/posts"}],"about":[{"href":"https:\/\/www.actualidadadiario.com\/index.php\/wp-json\/wp\/v2\/types\/post"}],"author":[{"embeddable":true,"href":"https:\/\/www.actualidadadiario.com\/index.php\/wp-json\/wp\/v2\/users\/3"}],"replies":[{"embeddable":true,"href":"https:\/\/www.actualidadadiario.com\/index.php\/wp-json\/wp\/v2\/comments?post=33917"}],"version-history":[{"count":1,"href":"https:\/\/www.actualidadadiario.com\/index.php\/wp-json\/wp\/v2\/posts\/33917\/revisions"}],"predecessor-version":[{"id":33919,"href":"https:\/\/www.actualidadadiario.com\/index.php\/wp-json\/wp\/v2\/posts\/33917\/revisions\/33919"}],"wp:featuredmedia":[{"embeddable":true,"href":"https:\/\/www.actualidadadiario.com\/index.php\/wp-json\/wp\/v2\/media\/33918"}],"wp:attachment":[{"href":"https:\/\/www.actualidadadiario.com\/index.php\/wp-json\/wp\/v2\/media?parent=33917"}],"wp:term":[{"taxonomy":"category","embeddable":true,"href":"https:\/\/www.actualidadadiario.com\/index.php\/wp-json\/wp\/v2\/categories?post=33917"},{"taxonomy":"post_tag","embeddable":true,"href":"https:\/\/www.actualidadadiario.com\/index.php\/wp-json\/wp\/v2\/tags?post=33917"}],"curies":[{"name":"wp","href":"https:\/\/api.w.org\/{rel}","templated":true}]}}