{"id":33906,"date":"2018-10-01T10:29:24","date_gmt":"2018-10-01T13:29:24","guid":{"rendered":"https:\/\/www.actualidadadiario.com\/?p=33906"},"modified":"2018-11-06T19:36:04","modified_gmt":"2018-11-06T22:36:04","slug":"comunicado-sobre-el-secuestro-de-telefonos-del-intendente-de-parana-y-de-su-hija","status":"publish","type":"post","link":"https:\/\/www.actualidadadiario.com\/index.php\/2018\/10\/01\/comunicado-sobre-el-secuestro-de-telefonos-del-intendente-de-parana-y-de-su-hija\/","title":{"rendered":"Comunicado sobre el secuestro de tel\u00e9fonos del Intendente de Paran\u00e1 y de su hija"},"content":{"rendered":"<p><em><strong>El procedimiento que llev\u00f3 adelante el viernes la Polic\u00eda Federal, que por orden de la Justicia Federal secuestr\u00f3 los tel\u00e9fonos celulares del intendente Sergio Varisco y de su hija Luc\u00eda, se llev\u00f3 adelante, seg\u00fan un comunicado oficial de la Comuna, \u201cen el marco de una investigaci\u00f3n iniciada por amenazas al juez Leandro R\u00edos y al periodista Daniel Enz, hecho sin dudas grav\u00edsimo y repudiable. No obstante eso no implica, como algunos pocos medios informaron equivocadamente, cuando no con real malicia, que el secuestro de los aparatos estar\u00eda indicando que los mismos hayan estado involucrados o hayan sido utilizados en el hecho denunciado\u201d<\/strong><\/em><\/p>\n<p>&nbsp;<\/p>\n<p>&nbsp;<\/p>\n<p>&nbsp;<\/p>\n<p>&nbsp;<\/p>\n<p>&nbsp;<\/p>\n<p>\u201cMuy por el contrario, Luc\u00eda Varisco tambi\u00e9n fue v\u00edctima de una amenaza, como consta en los registro del mismo celular secuestrado ahora por orden del juez Daniel Alonso -dijeron desde la Municipalidad-. La situaci\u00f3n es inquietante y muy grave por partida doble: por el hecho intimidatorio en s\u00ed, que refleja una actitud criminal y cobarde, pero tambi\u00e9n porque revela el inter\u00e9s de personas por sumar confusi\u00f3n e intentar \u2013creemos que sin lograr, afortunadamente su prop\u00f3sito\u2013 generar el descr\u00e9dito en las autoridades municipales\u201d.<\/p>\n<p>&nbsp;<\/p>\n<p>\u201cLa gesti\u00f3n ejecutiva municipal suma su propio y en\u00e9rgico repudio a la actitud deleznable de personas de baja estofa moral, pero tambi\u00e9n advierte a la sociedad que hay sectores, a los que la Justicia deber\u00e1 llegar, que est\u00e1n buscando menoscabar el gobierno de la ciudad y lo hacen a trav\u00e9s de llamadas o mensajes de un aparato de celular, que a\u00fan se desconoce si forma parte de la flota municipal de telefon\u00eda m\u00f3vil\u201d, dijeron.<\/p>\n<p>&nbsp;<\/p>\n<p>Y afirmaron: \u201cLa Municipalidad expresa su solidaridad incondicional con las personas amenazadas, tanto el juez como el periodista, y ratifica la voluntad que ha primado hasta ahora por parte de las m\u00e1s altas autoridades comunales: colaborar con las causas judiciales, respetar profundamente tanto al magistrado como a los trabajadores de prensa que aludan al hecho, y clamar para que la verdad se imponga sobre las dudas y la justicia sobre las amenazas y las operaciones de paup\u00e9rrimo nivel intelectual y moral\u201d.<\/p>\n<p>&nbsp;<\/p>\n<p>Al respecto, plantearon que \u201ccualquier acci\u00f3n solapada de personas que act\u00faan en el anonimato est\u00e1n orientadas y persiguen siempre fines inconfesables, adem\u00e1s de intimidar a los destinatarios de las amenazas, generan confusi\u00f3n, y malestar. Y ser\u00eda ingenuo no pensar que tambi\u00e9n buscan, en este caso, perjudicar a la gesti\u00f3n de gobierno, que debe permanecer concentrada en la tarea diaria que requieren los ciudadanos de Paran\u00e1\u201d.<\/p>\n<p>&nbsp;<\/p>\n<p>\u201cAdem\u00e1s de impensado, es rid\u00edculo pretender hacer creer que un intendente, que un funcionario o que cualquier persona ligada a una gesti\u00f3n de gobierno va a enviar amenazas a un juez que, por otra parte, cuenta con la herramienta de fijar la trazabilidad de las llamadas y conocer incluso sus contenidos -apuntaron-. Por eso, la Municipalidad de Paran\u00e1 apela a la mesura y a la razonabilidad de los ciudadanos y ciudadanas para que no caigan en las redes de informaciones malintencionadas que, seguramente, van en la misma direcci\u00f3n en la que fueron lanzados estos mensajes a\u00fan an\u00f3nimos: generar confusi\u00f3n, desconcierto, temor y a su vez perjudicar la gesti\u00f3n de gobierno municipal\u201d.<\/p>\n","protected":false},"excerpt":{"rendered":"<p>El procedimiento que llev\u00f3 adelante el viernes la Polic\u00eda Federal, que por orden de la Justicia Federal secuestr\u00f3 los tel\u00e9fonos celulares del intendente Sergio Varisco y de su hija Luc\u00eda, se llev\u00f3 adelante, seg\u00fan un comunicado oficial de la Comuna, \u201cen el marco de una investigaci\u00f3n iniciada por amenazas al juez Leandro R\u00edos y al periodista Daniel Enz, hecho sin dudas grav\u00edsimo y repudiable. No obstante eso no implica, como algunos pocos medios informaron equivocadamente, cuando no con real malicia, que el secuestro de los aparatos estar\u00eda indicando que los&#8230;<\/p>\n","protected":false},"author":3,"featured_media":33907,"comment_status":"closed","ping_status":"closed","sticky":false,"template":"","format":"standard","meta":[],"categories":[15],"tags":[],"_links":{"self":[{"href":"https:\/\/www.actualidadadiario.com\/index.php\/wp-json\/wp\/v2\/posts\/33906"}],"collection":[{"href":"https:\/\/www.actualidadadiario.com\/index.php\/wp-json\/wp\/v2\/posts"}],"about":[{"href":"https:\/\/www.actualidadadiario.com\/index.php\/wp-json\/wp\/v2\/types\/post"}],"author":[{"embeddable":true,"href":"https:\/\/www.actualidadadiario.com\/index.php\/wp-json\/wp\/v2\/users\/3"}],"replies":[{"embeddable":true,"href":"https:\/\/www.actualidadadiario.com\/index.php\/wp-json\/wp\/v2\/comments?post=33906"}],"version-history":[{"count":1,"href":"https:\/\/www.actualidadadiario.com\/index.php\/wp-json\/wp\/v2\/posts\/33906\/revisions"}],"predecessor-version":[{"id":33908,"href":"https:\/\/www.actualidadadiario.com\/index.php\/wp-json\/wp\/v2\/posts\/33906\/revisions\/33908"}],"wp:featuredmedia":[{"embeddable":true,"href":"https:\/\/www.actualidadadiario.com\/index.php\/wp-json\/wp\/v2\/media\/33907"}],"wp:attachment":[{"href":"https:\/\/www.actualidadadiario.com\/index.php\/wp-json\/wp\/v2\/media?parent=33906"}],"wp:term":[{"taxonomy":"category","embeddable":true,"href":"https:\/\/www.actualidadadiario.com\/index.php\/wp-json\/wp\/v2\/categories?post=33906"},{"taxonomy":"post_tag","embeddable":true,"href":"https:\/\/www.actualidadadiario.com\/index.php\/wp-json\/wp\/v2\/tags?post=33906"}],"curies":[{"name":"wp","href":"https:\/\/api.w.org\/{rel}","templated":true}]}}