{"id":33903,"date":"2018-10-01T10:28:46","date_gmt":"2018-10-01T13:28:46","guid":{"rendered":"https:\/\/www.actualidadadiario.com\/?p=33903"},"modified":"2018-11-06T19:36:04","modified_gmt":"2018-11-06T22:36:04","slug":"comienza-hoy-la-campana-contra-sarampion-y-rubeola","status":"publish","type":"post","link":"https:\/\/www.actualidadadiario.com\/index.php\/2018\/10\/01\/comienza-hoy-la-campana-contra-sarampion-y-rubeola\/","title":{"rendered":"Comienza hoy la campa\u00f1a contra sarampi\u00f3n y rub\u00e9ola"},"content":{"rendered":"<p><em><strong>Desde hoy y hasta el 30 de noviembre se realiza la campa\u00f1a contra sarampi\u00f3n y rub\u00e9ola. La misma consiste en la vacunaci\u00f3n con una dosis extra de vacuna triple viral a los ni\u00f1os desde 13 meses y menores de 5 a\u00f1os<\/strong><\/em><\/p>\n<p>&nbsp;<\/p>\n<p>&nbsp;<\/p>\n<p>&nbsp;<\/p>\n<p>&nbsp;<\/p>\n<p>Cumpliendo con el objetivo de inmunizar contra sarampi\u00f3n, rub\u00e9ola y paperas, comienza hoy la campa\u00f1a de seguimiento que tiene lugar en nuestro pa\u00eds cada cuatro a\u00f1os. De esta manera, los vacunatorios aplicar\u00e1n una dosis de refuerzo de la vacuna triple viral a ni\u00f1os entre los 13 meses y los 4 a\u00f1os, 11 meses y 29 d\u00edas.<\/p>\n<p>&nbsp;<\/p>\n<p>Al respecto, la ministra de Salud de Entre R\u00edos, Sonia Vel\u00e1zquez, puntualiz\u00f3 que &#8220;en materia del componente de inmunizaciones se establece a la vacunaci\u00f3n como un factor protector preponderante que permite garantizar la salud de la comunidad entrerriana protegi\u00e9ndola de enfermedades que han resurgido a manera de brotes en los distintos continentes&#8221;.<\/p>\n<p>&nbsp;<\/p>\n<p>Vel\u00e1zquez agreg\u00f3 que lo que se busca es &#8220;evitar las complicaciones que implican estas patolog\u00edas de alto contagio que comprometen no s\u00f3lo la salud sino incluso la vida de quienes las padecen&#8221;.<\/p>\n<p>&nbsp;<\/p>\n<p>El objetivo de la estrategia es, seg\u00fan explic\u00f3 la jefa del Programa Ampliado de Inmunizaciones, Albana Gavini, &#8220;vacunar a todos los chicos, independientemente del calendario regular habida cuenta de que en el pa\u00eds se han registrado casos importados y sobre todo a los susceptibles que se han acumulado desde la \u00faltima campa\u00f1a&#8221;. La medida busca proteger de estas enfermedades a quienes por diversas situaciones \u201ccomo cuestiones religiosas o falta de accesibilidad a los centros de salud\u201d no recibieron la triple viral.<\/p>\n<p>&nbsp;<\/p>\n<p>Gavini explic\u00f3 que &#8220;el sarampi\u00f3n es una enfermedad viral que se transmite a trav\u00e9s de la v\u00eda respiratoria y se manifiesta a trav\u00e9s de fiebre, malestar general y un exantema m\u00e1culopapular que invade todo el cuerpo&#8221;. La profesional agreg\u00f3 que &#8220;compromete el estado general y la gravedad est\u00e1 en las complicaciones que ocasiona, como ser la encefalitis secundaria que puede ocasionar muertes&#8221;.<\/p>\n<p>&nbsp;<\/p>\n<p>Asimismo la funcionaria agreg\u00f3 que es una patolog\u00eda altamente contagiante, que afecta habitualmente a los chicos y genera brotes muy r\u00e1pidamente.<\/p>\n<p>&nbsp;<\/p>\n<p>Gavini record\u00f3 que en Buenos Aires, en agosto, se confirmaron cinco casos importados de origen venezolano y brasile\u00f1o, teniendo en cuenta que ambos pa\u00edses registran un brote con un aumento importante de casos.<\/p>\n<p>&nbsp;<\/p>\n<p>Cabe destacar que el sarampi\u00f3n, la rub\u00e9ola y las paperas (parotiditis) se previenen, en principio y principalmente, con la vacuna triple viral que se aplica al a\u00f1o de edad y al ingreso escolar. Gavini destac\u00f3 que en los casos de personas de 5 a 55 a\u00f1os que no cuenten con la vacuna, el Estado la suministra porque &#8220;son enfermedades presentes en los continentes y se requiere proteger a la poblaci\u00f3n&#8221;.<\/p>\n<p>&nbsp;<\/p>\n<p>Por otra parte la rub\u00e9ola tambi\u00e9n es una enfermedad viral, eruptiva y febril que manifiesta erupciones en la piel, fiebre, conjuntivitis, dolor de garganta e inflamaci\u00f3n de los ganglios (alrededor del cuello y detr\u00e1s de las orejas). El mayor riesgo es en embarazadas expuestas al virus porque puede ocasionar muerte fetal o neonatal e incluso el s\u00edndrome de rub\u00e9ola cong\u00e9nito, que provoca -en un alto porcentaje- cardiopat\u00edas, sordera, ausencia de desarrollo de uno o ambos ojos y retardo de crecimiento intrauterino.<\/p>\n<p>&nbsp;<\/p>\n<p>En tanto que las paperas, tambi\u00e9n de origen viral, se presentan con inflamaci\u00f3n en las gl\u00e1ndulas salivales (par\u00f3tidas) y se transmiten de persona a persona a trav\u00e9s de las gotitas que se eliminan al hablar, toser o estornudar, o al tocar objetos que han estado en contacto con esas secreciones. En casos graves, puede afectar el sistema nervioso central, el p\u00e1ncreas, test\u00edculos u ovarios, entre otras complicaciones.<\/p>\n<p>&nbsp;<\/p>\n<p>&nbsp;<\/p>\n<p><strong>Para tener en cuenta<\/strong><\/p>\n<p>-Los chicos menores a 5 a\u00f1os recibir\u00e1n la segunda dosis de triple viral en el marco de esta campa\u00f1a nacional (del 1\u00b0 de octubre al 30 de noviembre).<\/p>\n<p>&nbsp;<\/p>\n<p>-Los mayores de 5 a\u00f1os ya deben tener aplicada la segunda dosis, suministrada al ingreso escolar a primer grado (entre los 5 y 6 a\u00f1os).<\/p>\n<p>&nbsp;<\/p>\n<p>-Los adultos tambi\u00e9n deben tener sus dos dosis de vacuna doble viral o triple viral.<\/p>\n<p>&nbsp;<\/p>\n<p>-Las personas nacidas antes de 1965 no necesitan vacunarse porque son considerados inmunes.<\/p>\n","protected":false},"excerpt":{"rendered":"<p>Desde hoy y hasta el 30 de noviembre se realiza la campa\u00f1a contra sarampi\u00f3n y rub\u00e9ola. La misma consiste en la vacunaci\u00f3n con una dosis extra de vacuna triple viral a los ni\u00f1os desde 13 meses y menores de 5 a\u00f1os &nbsp; &nbsp; &nbsp; &nbsp; Cumpliendo con el objetivo de inmunizar contra sarampi\u00f3n, rub\u00e9ola y paperas, comienza hoy la campa\u00f1a de seguimiento que tiene lugar en nuestro pa\u00eds cada cuatro a\u00f1os. De esta manera, los vacunatorios aplicar\u00e1n una dosis de refuerzo de la vacuna triple viral a ni\u00f1os entre los&#8230;<\/p>\n","protected":false},"author":3,"featured_media":33904,"comment_status":"closed","ping_status":"closed","sticky":false,"template":"","format":"standard","meta":[],"categories":[9,15],"tags":[],"_links":{"self":[{"href":"https:\/\/www.actualidadadiario.com\/index.php\/wp-json\/wp\/v2\/posts\/33903"}],"collection":[{"href":"https:\/\/www.actualidadadiario.com\/index.php\/wp-json\/wp\/v2\/posts"}],"about":[{"href":"https:\/\/www.actualidadadiario.com\/index.php\/wp-json\/wp\/v2\/types\/post"}],"author":[{"embeddable":true,"href":"https:\/\/www.actualidadadiario.com\/index.php\/wp-json\/wp\/v2\/users\/3"}],"replies":[{"embeddable":true,"href":"https:\/\/www.actualidadadiario.com\/index.php\/wp-json\/wp\/v2\/comments?post=33903"}],"version-history":[{"count":1,"href":"https:\/\/www.actualidadadiario.com\/index.php\/wp-json\/wp\/v2\/posts\/33903\/revisions"}],"predecessor-version":[{"id":33905,"href":"https:\/\/www.actualidadadiario.com\/index.php\/wp-json\/wp\/v2\/posts\/33903\/revisions\/33905"}],"wp:featuredmedia":[{"embeddable":true,"href":"https:\/\/www.actualidadadiario.com\/index.php\/wp-json\/wp\/v2\/media\/33904"}],"wp:attachment":[{"href":"https:\/\/www.actualidadadiario.com\/index.php\/wp-json\/wp\/v2\/media?parent=33903"}],"wp:term":[{"taxonomy":"category","embeddable":true,"href":"https:\/\/www.actualidadadiario.com\/index.php\/wp-json\/wp\/v2\/categories?post=33903"},{"taxonomy":"post_tag","embeddable":true,"href":"https:\/\/www.actualidadadiario.com\/index.php\/wp-json\/wp\/v2\/tags?post=33903"}],"curies":[{"name":"wp","href":"https:\/\/api.w.org\/{rel}","templated":true}]}}