{"id":33900,"date":"2018-10-01T10:28:02","date_gmt":"2018-10-01T13:28:02","guid":{"rendered":"https:\/\/www.actualidadadiario.com\/?p=33900"},"modified":"2018-11-06T19:36:04","modified_gmt":"2018-11-06T22:36:04","slug":"la-provincia-fortalece-su-politica-sanitaria-con-recursos-propios","status":"publish","type":"post","link":"https:\/\/www.actualidadadiario.com\/index.php\/2018\/10\/01\/la-provincia-fortalece-su-politica-sanitaria-con-recursos-propios\/","title":{"rendered":"La provincia fortalece su pol\u00edtica sanitaria con recursos propios"},"content":{"rendered":"<p><em><strong>El gobierno entrerriano trabaja en el fortalecimiento del sistema p\u00fablico de salud con recursos propios. Se invirtieron en lo que va de 2018 cerca de 56 millones de pesos en equipamiento y ambulancias para mejorar la calidad en la atenci\u00f3n a los pacientes<\/strong><\/em><\/p>\n<p>&nbsp;<\/p>\n<p>&nbsp;<\/p>\n<p>&nbsp;<\/p>\n<p>&nbsp;<\/p>\n<p>&#8220;La salud es una prioridad para este gobierno. Y nos hicimos cargo con acciones concretas, desde la responsabilidad institucional y pol\u00edtica que nos corresponde, con la mirada puesta en el bienestar general y manejando con transparencia loa recursos que son de los entrerrianos&#8221;, afirm\u00f3 el gobernador Gustavo Bordet tras recibir un informe de situaci\u00f3n de la ministra de Salud, Sonia Vel\u00e1zquez.<\/p>\n<p>&nbsp;<\/p>\n<p>&#8220;Seguiremos trabajando en ese sentido porque defendemos los intereses de Entre R\u00edos\u201d, afirm\u00f3. Y puso como ejemplo lo que sucede con distintos programas sociales y de salud \u201cdonde no llegan los insumos, las vacunas, los medicamentos y tenemos que comprarlo con recursos de la provincia\u201d.<\/p>\n<p>&nbsp;<\/p>\n<p>&#8220;A cada decisi\u00f3n de gobierno la tomamos con absoluta honestidad, y en tiempos complejos como los que nos tocan vivir no hay margen para las especulaciones ni para la cr\u00edtica f\u00e1cil. Nos hacemos cargo y expresamos nuestra posici\u00f3n en los \u00e1mbitos que corresponde hacerlo&#8221;, expres\u00f3 Bordet.<\/p>\n<p>&nbsp;<\/p>\n<p>En tanto, la ministra de Salud, Sonia Vel\u00e1zquez se\u00f1al\u00f3 que \u201clos tiempos de crisis que estamos viviendo, con un modelo econ\u00f3mico de recesi\u00f3n, que impacta fuertemente en el componente de salud, sobre todo por los costos de insumos y equipamientos que se cotizan a valor d\u00f3lar, ameritan que se trace un plan de contingencia para poder optimizar los recursos, siempre teniendo como premisa que este gobierno provincial no resiente derechos a ning\u00fan ciudadano entrerriano en cuanto a la salud&#8221;.<\/p>\n<p>&nbsp;<\/p>\n<p>&nbsp;<\/p>\n<p><strong>Optimizaci\u00f3n en el uso de los recursos<\/strong><\/p>\n<p>El gobierno provincial afronta con recursos propios los costos de medicamentos, insumos, tratamientos, recursos humanos y equipamiento, ante un retroceso de los recursos girados desde Naci\u00f3n para estos fines. Por este mismo motivo, muchos de los programas nacionales se siguieron aplicando en la provincia, con financiamiento propio, como herramientas de gesti\u00f3n.<\/p>\n<p>&nbsp;<\/p>\n<p>En ese sentido, y en pos de lograr una pol\u00edtica interinstitucional que permita una salud inclusiva, abarcativa y con justicia social se implement\u00f3 una acciones de fuerte racionalizaci\u00f3n de recursos y gastos, lo que permiti\u00f3 reorientar esos fondos remanentes hacia otras necesidades.<\/p>\n<p>&nbsp;<\/p>\n<p>A su vez, se trabaj\u00f3 vigorosamente en dotar a los hospitales y centros de salud, de las partidas presupuestarias correspondientes y agilizar el componente administrativo de los expedientes.<\/p>\n<p>&nbsp;<\/p>\n<p>&nbsp;<\/p>\n<p><strong>Inversiones<\/strong><\/p>\n<p>Durante 2018 la gesti\u00f3n ha invertido cerca de 16 millones de pesos en equipamiento para fortalecer y mejorar la calidad de atenci\u00f3n tanto en hospitales como centros de salud as\u00ed como las condiciones en las que los trabajadores desarrollan sus tareas.<\/p>\n<p>&nbsp;<\/p>\n<p>Para los distintos departamentos entrerrianos se han adquirido cardiodesfribiladores, equipos de rayos, mesas de anestesia, monitores multiparam\u00e9tricos, electrocardi\u00f3grafos y respiradores, entre otros aparatos que permiten sostener la atenci\u00f3n diaria, principalmente en centros de atenci\u00f3n primaria, como balanzas de pi\u00e9 con tall\u00edmetro; sillas de rueda; camillas; estufas de esterilizaci\u00f3n; transductores lineales y sillones odontol\u00f3gicos; entre otros.<\/p>\n<p>&nbsp;<\/p>\n<p>Asimismo, y con fondos genuinos, se compraron 20 ambulancias a trav\u00e9s de una inversi\u00f3n de cerca de 40 millones de pesos que a la fecha se han entregado a los hospitales San Mart\u00edn (Paran\u00e1); Sagrado Coraz\u00f3n de Jes\u00fas (Basavilbaso); Ferm\u00edn Salaberry (Victoria); San Benjam\u00edn (Col\u00f3n); San Jos\u00e9 (Federaci\u00f3n); Santa Rosa (Chajar\u00ed); San Jos\u00e9 (Diamante); Centenario (Gualeguaych\u00fa); Eva Duarte (Ceibas); Behring (Estaci\u00f3n Holt); 9 de Julio (La Paz); Santa Elena (Santa Elena); San Roque (Rosario del Tala); Paranacito (Villa Paranacito) y Francisco Castaldo (Mar\u00eda Grande) as\u00ed como a la subcabecera Concordia de la Direcci\u00f3n de Emergencias Sanitarias.<\/p>\n<p>&nbsp;<\/p>\n<p>&nbsp;<\/p>\n<p><strong>Regionalizaci\u00f3n que permiti\u00f3 la recategorizaci\u00f3n de efectores<\/strong><\/p>\n<p>Como parte de una pol\u00edtica de Estado sustentable y sustancial, el Ministerio de Salud est\u00e1 llevando adelante la regionalizaci\u00f3n del sistema sanitario. Se comenz\u00f3 con la atenci\u00f3n perinatal y se est\u00e1 extendiendo a todo el sistema de salud de la provincia. De esta manera, los hospitales y centros de salud trabajan en una red integral de atenci\u00f3n.<\/p>\n<p>&nbsp;<\/p>\n<p>Es as\u00ed que funcionan en la provincia cuatro regiones: Regi\u00f3n I, est\u00e1 conformada por seis hospitales distribuidos en Paran\u00e1, La Paz, Diamante, Victoria, Santa Elena, y Nogoy\u00e1; Regi\u00f3n II, por establecimientos sanitarios de Federal, Feliciano, Federaci\u00f3n, San Salvador, Villaguay y Concordia; Regi\u00f3n III, por Uruguay, Tala y Col\u00f3n; y por \u00faltimo, la Regi\u00f3n IV, por Gualeguay, Gualeguaych\u00fa e Islas.<\/p>\n<p>&nbsp;<\/p>\n<p>Esta instancia permiti\u00f3 incluso que mediante decreto se haga la recategorizaci\u00f3n de los hospitales (65) y centros de atenci\u00f3n primaria (210) de toda la provincia y se aprobaran las tipolog\u00edas de establecimientos de salud; los criterios b\u00e1sicos de categorizaci\u00f3n; y las tipolog\u00edas de camas. A partir de estos criterios, se dividen los niveles de riesgo: bajo riesgo (nivel I), mediano riesgo (nivel II), y alto riesgo (nivel III, que se subdivide en A y B).<\/p>\n<p>&nbsp;<\/p>\n<p>Asimismo, el texto normativo dispone la clasificaci\u00f3n de los Establecimientos de Salud sin Internaci\u00f3n de Diagn\u00f3stico y Tratamiento en cinco categor\u00edas diferentes dependiendo de: pertenencia a \u00e1reas rurales o urbanas, proximidad a rutas, poblaci\u00f3n de \u00e1rea de influencia, perspectivas de crecimiento demogr\u00e1fico, entre otras. Dentro de estos efectores, tambi\u00e9n se incorporan a los Centros de Salud Mental.<\/p>\n","protected":false},"excerpt":{"rendered":"<p>El gobierno entrerriano trabaja en el fortalecimiento del sistema p\u00fablico de salud con recursos propios. Se invirtieron en lo que va de 2018 cerca de 56 millones de pesos en equipamiento y ambulancias para mejorar la calidad en la atenci\u00f3n a los pacientes &nbsp; &nbsp; &nbsp; &nbsp; &#8220;La salud es una prioridad para este gobierno. Y nos hicimos cargo con acciones concretas, desde la responsabilidad institucional y pol\u00edtica que nos corresponde, con la mirada puesta en el bienestar general y manejando con transparencia loa recursos que son de los entrerrianos&#8221;,&#8230;<\/p>\n","protected":false},"author":3,"featured_media":33901,"comment_status":"closed","ping_status":"closed","sticky":false,"template":"","format":"standard","meta":[],"categories":[9,15],"tags":[],"_links":{"self":[{"href":"https:\/\/www.actualidadadiario.com\/index.php\/wp-json\/wp\/v2\/posts\/33900"}],"collection":[{"href":"https:\/\/www.actualidadadiario.com\/index.php\/wp-json\/wp\/v2\/posts"}],"about":[{"href":"https:\/\/www.actualidadadiario.com\/index.php\/wp-json\/wp\/v2\/types\/post"}],"author":[{"embeddable":true,"href":"https:\/\/www.actualidadadiario.com\/index.php\/wp-json\/wp\/v2\/users\/3"}],"replies":[{"embeddable":true,"href":"https:\/\/www.actualidadadiario.com\/index.php\/wp-json\/wp\/v2\/comments?post=33900"}],"version-history":[{"count":1,"href":"https:\/\/www.actualidadadiario.com\/index.php\/wp-json\/wp\/v2\/posts\/33900\/revisions"}],"predecessor-version":[{"id":33902,"href":"https:\/\/www.actualidadadiario.com\/index.php\/wp-json\/wp\/v2\/posts\/33900\/revisions\/33902"}],"wp:featuredmedia":[{"embeddable":true,"href":"https:\/\/www.actualidadadiario.com\/index.php\/wp-json\/wp\/v2\/media\/33901"}],"wp:attachment":[{"href":"https:\/\/www.actualidadadiario.com\/index.php\/wp-json\/wp\/v2\/media?parent=33900"}],"wp:term":[{"taxonomy":"category","embeddable":true,"href":"https:\/\/www.actualidadadiario.com\/index.php\/wp-json\/wp\/v2\/categories?post=33900"},{"taxonomy":"post_tag","embeddable":true,"href":"https:\/\/www.actualidadadiario.com\/index.php\/wp-json\/wp\/v2\/tags?post=33900"}],"curies":[{"name":"wp","href":"https:\/\/api.w.org\/{rel}","templated":true}]}}