{"id":33878,"date":"2018-09-28T11:25:23","date_gmt":"2018-09-28T14:25:23","guid":{"rendered":"https:\/\/www.actualidadadiario.com\/?p=33878"},"modified":"2018-11-06T19:36:04","modified_gmt":"2018-11-06T22:36:04","slug":"la-peor-crisis-humanitaria-del-mundo-y-de-la-que-nadie-habla","status":"publish","type":"post","link":"https:\/\/www.actualidadadiario.com\/index.php\/2018\/09\/28\/la-peor-crisis-humanitaria-del-mundo-y-de-la-que-nadie-habla\/","title":{"rendered":"La peor crisis humanitaria del mundo y de la que nadie habla"},"content":{"rendered":"<p><em><strong>Una naci\u00f3n devastada por las fuerzas oficiales y las milicias<\/strong><\/em><\/p>\n<p>&nbsp;<\/p>\n<p>&nbsp;<\/p>\n<p>&nbsp;<\/p>\n<p>&nbsp;<\/p>\n<p>&nbsp;<\/p>\n<p>Yemen representa la peor crisis humanitaria del mundo, advirti\u00f3 el Programa Mundial de Alimentos (PAM). El organismo utiliz\u00f3 palabras inequ\u00edvocas para graficar la situaci\u00f3n que atraviesa el pa\u00eds asi\u00e1tico. &#8220;Yemen es un desastre y no veo la luz al final del t\u00fanel en este momento&#8221;, declar\u00f3 su director ejecutivo, David Beasley, citado por la televisi\u00f3n Al Jazeera.<\/p>\n<p>&nbsp;<\/p>\n<p>&#8220;Yemen representa innegablemente la peor crisis humanitaria del mundo&#8221;, agreg\u00f3. Seg\u00fan datos del organismo, unas 18 millones de personas se encuentran en ese pa\u00eds en condiciones de inseguridad alimentaria y el precio de los alimentos aument\u00f3 35% en el \u00faltimo a\u00f1o.<\/p>\n<p>&nbsp;<\/p>\n<p>Desde 2015 Yemen es devastado por un conflicto entre las fuerzas gubernamentales, respaldadas por una coalici\u00f3n \u00e1rabe bajo gu\u00eda de Arabia Saudita, y las milicias Houthi.<\/p>\n<p>&nbsp;<\/p>\n<p>&nbsp;<\/p>\n<p><strong>Ni\u00f1os<\/strong><\/p>\n<p>&#8220;Al menos 6500 ni\u00f1os fueron muertos o heridos en Yemen desde que se intensific\u00f3 el conflicto hace tres a\u00f1os. Solo la paz puede poner fin a este derramamiento de sangre&#8221;, dijo hoy la directora ejecutiva de Unicef, Henrietta Fore.<\/p>\n<p>&nbsp;<\/p>\n<p>&#8220;Pedimos a las partes la m\u00e1xima moderaci\u00f3n para salvar vidas humanas y permitir el acceso humanitario al puerto de Hodeidah&#8221;, agreg\u00f3 al comentar las nuevas violencias en un pa\u00eds que &#8220;baja cada vez m\u00e1s hacia el caos y la miseria&#8221;.<\/p>\n<p>&nbsp;<\/p>\n<p>&#8220;La escalada de las hostilidades -subray\u00f3- est\u00e1 poniendo en riesgo de ser heridos o muertos a miles de ni\u00f1os que viven en la zona o sus alrededores. Los ataques a\u00e9reos y los combates en tierra tambi\u00e9n podr\u00edan causar nuevas olas de desplazados e interrupciones en la provisi\u00f3n de agua potable segura&#8221;.<\/p>\n","protected":false},"excerpt":{"rendered":"<p>Una naci\u00f3n devastada por las fuerzas oficiales y las milicias &nbsp; &nbsp; &nbsp; &nbsp; &nbsp; Yemen representa la peor crisis humanitaria del mundo, advirti\u00f3 el Programa Mundial de Alimentos (PAM). El organismo utiliz\u00f3 palabras inequ\u00edvocas para graficar la situaci\u00f3n que atraviesa el pa\u00eds asi\u00e1tico. &#8220;Yemen es un desastre y no veo la luz al final del t\u00fanel en este momento&#8221;, declar\u00f3 su director ejecutivo, David Beasley, citado por la televisi\u00f3n Al Jazeera. &nbsp; &#8220;Yemen representa innegablemente la peor crisis humanitaria del mundo&#8221;, agreg\u00f3. Seg\u00fan datos del organismo, unas 18 millones&#8230;<\/p>\n","protected":false},"author":3,"featured_media":33879,"comment_status":"closed","ping_status":"closed","sticky":false,"template":"","format":"standard","meta":[],"categories":[4],"tags":[],"_links":{"self":[{"href":"https:\/\/www.actualidadadiario.com\/index.php\/wp-json\/wp\/v2\/posts\/33878"}],"collection":[{"href":"https:\/\/www.actualidadadiario.com\/index.php\/wp-json\/wp\/v2\/posts"}],"about":[{"href":"https:\/\/www.actualidadadiario.com\/index.php\/wp-json\/wp\/v2\/types\/post"}],"author":[{"embeddable":true,"href":"https:\/\/www.actualidadadiario.com\/index.php\/wp-json\/wp\/v2\/users\/3"}],"replies":[{"embeddable":true,"href":"https:\/\/www.actualidadadiario.com\/index.php\/wp-json\/wp\/v2\/comments?post=33878"}],"version-history":[{"count":1,"href":"https:\/\/www.actualidadadiario.com\/index.php\/wp-json\/wp\/v2\/posts\/33878\/revisions"}],"predecessor-version":[{"id":33880,"href":"https:\/\/www.actualidadadiario.com\/index.php\/wp-json\/wp\/v2\/posts\/33878\/revisions\/33880"}],"wp:featuredmedia":[{"embeddable":true,"href":"https:\/\/www.actualidadadiario.com\/index.php\/wp-json\/wp\/v2\/media\/33879"}],"wp:attachment":[{"href":"https:\/\/www.actualidadadiario.com\/index.php\/wp-json\/wp\/v2\/media?parent=33878"}],"wp:term":[{"taxonomy":"category","embeddable":true,"href":"https:\/\/www.actualidadadiario.com\/index.php\/wp-json\/wp\/v2\/categories?post=33878"},{"taxonomy":"post_tag","embeddable":true,"href":"https:\/\/www.actualidadadiario.com\/index.php\/wp-json\/wp\/v2\/tags?post=33878"}],"curies":[{"name":"wp","href":"https:\/\/api.w.org\/{rel}","templated":true}]}}