{"id":33875,"date":"2018-09-28T11:24:38","date_gmt":"2018-09-28T14:24:38","guid":{"rendered":"https:\/\/www.actualidadadiario.com\/?p=33875"},"modified":"2019-05-06T20:57:49","modified_gmt":"2019-05-06T23:57:49","slug":"asesinato-en-el-vaticano-se-cumplen-40-anos-de-la-muerte-de-juan-pablo-i","status":"publish","type":"post","link":"https:\/\/www.actualidadadiario.com\/index.php\/2018\/09\/28\/asesinato-en-el-vaticano-se-cumplen-40-anos-de-la-muerte-de-juan-pablo-i\/","title":{"rendered":"\u00bfAsesinato en el Vaticano? Se cumplen 40 a\u00f1os de la muerte de Juan Pablo I"},"content":{"rendered":"<p><em><strong>El 28 de septiembre de 1978 el \u00faltimo Papa italiano, Albino Luciani, apareci\u00f3 muerto en su cama. La versi\u00f3n oficial, muerte s\u00fabita por ataque card\u00edaco. Extraoficialmente, una feroz lucha por el poder<\/strong><\/em><\/p>\n<p>&nbsp;<\/p>\n<p>&nbsp;<\/p>\n<p>&nbsp;<\/p>\n<p>La noche del 28 de septiembre de 1978, hace 40 a\u00f1os, el Papa Juan Pablo I muri\u00f3 despu\u00e9s de 33 d\u00edas de reinado. La brevedad del papado del \u00faltimo pont\u00edfice italiano y la sorprendente noticia de su inesperada muerte generaron a lo largo de los a\u00f1os siguientes una serie de sospechas y teor\u00edas conspirativas, en la prensa, pero tambi\u00e9n dentro de la Curia romana.<\/p>\n<p>&nbsp;<\/p>\n<p>\u00bfMuri\u00f3 Juan Pablo I, de nombre Albino Luciani, por causas naturales, como se dijo oficialmente, o fue envenenado? \u00bfQu\u00e9 reforma profunda estaba programando para la Iglesia cat\u00f3lica? \u00bfHab\u00eda un sector preocupado por las posibles reformas que promet\u00eda el nuevo pont\u00edfice? \u00bfPor qu\u00e9 los papas que le sucedieron, Juan Pablo II, Benedicto XVI y Francisco, jam\u00e1s pronunciaron una palabra sobre la muerte del Papa Luciani?<\/p>\n<p>&nbsp;<\/p>\n<p>&nbsp;<\/p>\n<p><strong>Muerto en su cama<\/strong><\/p>\n<p>A las 5.15 de la ma\u00f1ana del 29 de septiembre, sor Vicenza, una monja que llevaba dos d\u00e9cadas al servicio del Papa, dej\u00f3 la bandeja con caf\u00e9 en la sacrist\u00eda privada del papa, junto a su habitaci\u00f3n del Palacio Apost\u00f3lico. A la hora establecida, fue a retirar la bandeja pero el caf\u00e9 segu\u00eda en la taza. Preocupada, golpe\u00f3 la puerta pero no recibi\u00f3 respuesta: &#8220;\u00a1Santidad, no debe hacerme estas bromas!&#8221;, le grit\u00f3.<\/p>\n<p>&nbsp;<\/p>\n<p>Al cabo de unos instantes, abri\u00f3 la puerta y encontr\u00f3 al Papa muerto. Seg\u00fan el relato de sor Vicenza, el Papa estaba todav\u00eda en ropa de dormir, recostado en la cama, sobre varios almohadones. En sus manos hab\u00eda varios documentos, los que hab\u00eda llevado la noche anterior para revisar antes de dormir, y la luz estaba encendida.<\/p>\n<p>&nbsp;<\/p>\n<p>&#8220;Ni una arruga&#8221;, cont\u00f3 sor Margherita, a la periodista italiana Stefania Falasca. &#8220;Su santidad estaba recostado un poco a la derecha, con una leve sonrisa, las gafas puestas, los ojos medio cerrados, como si durmiera. Le toqu\u00e9 las manos. Estaban fr\u00edas. Me impresionaron las u\u00f1as, un poco oscuras&#8221;.<\/p>\n<p>&nbsp;<\/p>\n<p>&#8220;Estaba en su cama, con la luz sobre el cabecero para leer encendida&#8221;, cont\u00f3 sor Margherita, tambi\u00e9n al servicio papal. &#8220;Ten\u00eda dos almohadones detr\u00e1s de la espalda que lo manten\u00edan un poco levantado. Ten\u00eda las piernas extendidas y los brazos sobre las s\u00e1banas. Estaba en pijama y entre las manos agarraba unos folios. La cabeza estaba girada hacia la derecha con una ligera sonrisa. Ten\u00eda las gafas apoyadas sobre la nariz y los ojos medio cerrados. Parec\u00eda dormido. Le toqu\u00e9 las manos. Estaban fr\u00edas. Me impresionaron las u\u00f1as, un poco oscuras&#8221;.<\/p>\n<p>&nbsp;<\/p>\n<p>El obispo irland\u00e9s John Magee, secretario privado del Papa, orden\u00f3 a las mujeres que no dijeran que hab\u00edan sido ellas quienes descubrieron el cad\u00e1ver. La informaci\u00f3n oficial indic\u00f3 que fueron los secretarios quienes encontraron muerto al Papa porque no les parec\u00eda informar que fueron mujeres las que entraron al dormitorio papal.<\/p>\n<p>&nbsp;<\/p>\n<p>&#8220;A las cinco y media de la ma\u00f1ana, una monja me despert\u00f3 agitad\u00edsima: &#8216;El Papa ha muerto&#8217;, me dijo&#8221;, cont\u00f3 Magee veinte a\u00f1os despu\u00e9s. Un ataque card\u00edaco, provocado por el estr\u00e9s, lo hab\u00eda matado s\u00fabitamente seg\u00fan el comunicado oficial. Paralelamente, mientras los tanat\u00f3logos embalsamaban a Luciani, como prev\u00e9 el ritual funerario, algunos miembros de la Curia ya se preguntaban: \u00bfUna muerte s\u00fabita es siempre natural?<\/p>\n<p>&nbsp;<\/p>\n<p>&nbsp;<\/p>\n<p><strong>Un muerto ante el Papa<\/strong><\/p>\n<p>Dos semanas antes de morir, Juan Pablo I recibi\u00f3 en audiencia a Nikodim, representante de la Iglesia ortodoxa rusa en Leningrado y agente de la KGB. Nada m\u00e1s retirarse a hablar en privado, Nikodim, de 49 a\u00f1os, cay\u00f3 al suelo y muri\u00f3 s\u00fabitamente de un ataque card\u00edaco frente al Papa, quien llam\u00f3 de inmediato al m\u00e9dico y, despu\u00e9s, le dio la bendici\u00f3n y los primeros auxilios.<\/p>\n<p>&nbsp;<\/p>\n<p>Nikodim era considerado uno de los jerarcas ortodoxos m\u00e1s valioso para la inminente negociaci\u00f3n con la Uni\u00f3n Sovi\u00e9tica sobre la libertad de culto. Su Iglesia le hab\u00eda encargado fomentar el di\u00e1logo ecum\u00e9nico con el catolicismo y con las dem\u00e1s confesiones cristianas, y hab\u00eda seguido como observador algunas fases del Concilio Vaticano II. Juan Pablo pas\u00f3 varias noches sin dormir pregunt\u00e1ndose qu\u00e9 hab\u00eda sucedido. \u00bfFue natural esa s\u00fabita muerte?<\/p>\n<p>&nbsp;<\/p>\n<p>&nbsp;<\/p>\n<p><strong>La versi\u00f3n de la familia papal<\/strong><\/p>\n<p>En 1991, la familia del fallecido Papa revel\u00f3 que la muerte no le lleg\u00f3 en la cama del Palacio Vaticano, sino en su escritorio, y que s\u00ed se le habr\u00eda realizado una autopsia pese a que la ley vaticana lo proh\u00edbe: &#8220;Aquella ma\u00f1ana, antes de las siete, me telefone\u00f3 Diego Lorenzi, uno de sus secretarios para decirme que hab\u00eda muerto mi t\u00edo&#8221;, cont\u00f3 P\u00eda Basso. &#8220;Estaba trabajando en su escritorio; lo encontr\u00f3 sor Vincenza, la religiosa que lo cuidaba desde hac\u00eda veinte a\u00f1os, pero diremos que estaba en el lecho y que lo encontr\u00f3 el padre Magee. \u00a0No era conveniente que la gente supiera que una mujer entraba en la habitaci\u00f3n del Papa&#8221;.<\/p>\n<p>&nbsp;<\/p>\n<p>La sobrina del Papa descart\u00f3 hace 27 a\u00f1os la hip\u00f3tesis del envenenamiento: &#8220;Es imposible, no ha comido o cenado jam\u00e1s solo. Siempre estaban los dos secretarios e invitados. Y cocinaba Sor Vincenza, la misma persona que le llevaba las pastillas o le pon\u00eda las inyecciones&#8221;. &#8220;Mi t\u00edo, en contra de lo que se cre\u00eda, se acostaba muy tarde&#8221;, agregaba. &#8220;Se encerraba en su habitaci\u00f3n y le\u00eda hasta la medianoche. No libros, sino informes de alto secreto que llegaban de la Secretar\u00eda de Estado&#8221;.<\/p>\n<p>&nbsp;<\/p>\n<p>&nbsp;<\/p>\n<p><strong>Problemas cardiacos<\/strong><\/p>\n<p>John Magee cont\u00f3 que el m\u00e9dico del pont\u00edfice, Renato Buzzonetti, le inform\u00f3 que la noche antes, mientras rezaban juntos, antes de cenar, el Papa hab\u00eda sentido un fuerte dolor en el pecho, en el tercio superior de la zona del estern\u00f3n. Aquel dolor se prolong\u00f3 cinco minutos pero Albino Luciani no le dio importancia y no quiso que se llamara al m\u00e9dico.<\/p>\n<p>&nbsp;<\/p>\n<p>La periodista Stefania Falasca cuenta en su libro que en 1975 Luciani, tres a\u00f1os antes de ser electo Papa, tuvo una afecci\u00f3n cardiovascular, por la que fue hospitalizado y tratado con anticoagulantes. Tres d\u00edas antes de morir, el Papa lleg\u00f3 asegurar seg\u00fan Magee que present\u00eda su final: &#8220;Yo me marchar\u00e9 y el que estaba sentado en la Capilla Sixtina en frente de m\u00ed, ocupar\u00e1 mi lugar&#8221;.<\/p>\n<p>&nbsp;<\/p>\n<p>Un informe enviado a la Secretar\u00eda de Estado el 9 de octubre de 1979 y publicado por Stefania Falasca detalla el &#8220;episodio de dolor localizado en la parte superior de la regi\u00f3n esternal, sufrido por el Santo Padre hacia las 19:30 del d\u00eda de la muerte, prolongado durante m\u00e1s de cinco minutos, que se verific\u00f3 mientras el papa estaba sentado y preparado para rezar con el padre Magee, que retrocedi\u00f3 sin ninguna terapia&#8221;.<\/p>\n<p>&nbsp;<\/p>\n<p>&nbsp;<\/p>\n<p><strong>\u00bfUn Papa asesinado? Es posible<\/strong><\/p>\n<p>El cardenal Pietro Parolin, actual secretario de Estado del Vaticano, corrobora que la &#8220;mir\u00edada de teor\u00edas conspirativas y sospechas&#8221; no tienen fundamento: &#8220;Es una reconstrucci\u00f3n efectuada siguiendo una modalidad de investigaci\u00f3n hist\u00f3rica rigurosa, sobre la base de una documentaci\u00f3n excepcional hasta hoy in\u00e9dita&#8221;. &#8220;Hay quienes sostienen que la hip\u00f3tesis del asesinato se trata de una leyenda, que es imposible que un Papa sea asesinado. A quienes piensan as\u00ed, les recuerdo que apenas tres a\u00f1os despu\u00e9s su sucesor, Juan Pablo II, casi fue asesinado en la Plaza de San Pedro&#8221;, dijo Andrea Tornelli, autor del libro &#8220;Papa Luciani, la sonrisa del santo&#8221;.<\/p>\n<p>&nbsp;<\/p>\n<p>En su libro &#8220;Albino Luciani. Un caso abierto&#8221;, el sacerdote, fil\u00f3sofo y te\u00f3logo espa\u00f1ol Jes\u00fas L\u00f3pez Sa\u00e9z analiza &#8220;varios interrogantes&#8221;, y pidi\u00f3 este a\u00f1o reabrir el caso y cancelar la beatificaci\u00f3n de Juan Pablo I hasta que se esclarezcan las causas reales de su fallecimiento. &#8220;Deb\u00eda tomar decisiones importantes \u2014que bien sab\u00eda eran peligrosas para su incolumidad\u2014&#8221;, dice L\u00f3pez, &#8220;con las cuales pensaba cortar los negocios econ\u00f3micos del Vaticano, fruto de acuerdos con la logia mas\u00f3nica P2, la mafia y la CIA. Se expuso mucho contra enemigos muy fuertes, avezados en el mal, sin escr\u00fapulos y m\u00e1s que nunca determinados a conservar su poder curial, pol\u00edtico y financiero. Todo esto, junto a otras numerosas iniciativas de reforma radical de su Iglesia, que hab\u00eda programado con mente l\u00facida y \u00e1nimo firme, no encaja con la imagen que de \u00e9l se fue dando despu\u00e9s de su muerte\u2026&#8221;.<\/p>\n<p>&nbsp;<\/p>\n<p>&nbsp;<\/p>\n<p><strong>Contra las mafias<\/strong><\/p>\n<p>Luciani hab\u00eda llegado al Trono de San Pedro en momentos particulares. Como cardenal, se hab\u00eda mostrado preocupado por la debilidad del Papa Pablo VI, su antecesor, y no estaba seguro de que las reformas del Concilio Vaticano II fueran eficientes. Por \u00faltimo, la corrupci\u00f3n en la pol\u00edtica y las finanzas vaticanas, en las que hab\u00eda metido sus garras la Logia mas\u00f3nica &#8220;P2&#8221; eran m\u00e1s que preocupantes. El 26 de agosto de 1978, inesperadamente, fue electo Papa en medio de una guerra intestina que desgarraba a la Curia. Fue un gran problema: Albino Luciani era un hombre justo, que se propon\u00eda retirar la ciza\u00f1a del trigo vaticano.<\/p>\n<p>&nbsp;<\/p>\n<p>Para empezar, le dio la espalda a los tradicionalistas, neg\u00e1ndose a ser coronado con la triple tiara papal, y gan\u00e1ndose la ira silenciosa de la Curia. Cuando decidi\u00f3 llamarse Juan Pablo I le hicieron notar que, seg\u00fan la tradici\u00f3n, si un papa se pone dos nombres, debe ser a secas. Y \u00e9l respondi\u00f3: &#8220;Yo me quiero llamar Juan Pablo I porque el segundo vendr\u00e1 pronto&#8221;. &#8220;El Papa se sent\u00eda humanamente muy d\u00e9bil, me daba la impresi\u00f3n de que ten\u00eda miedo. No de la muerte, sino de un momento de debilidad humana en que pudiera hacer algo equivocado para la Iglesia. Y para \u00e9l traicionar a la Iglesia era traicionar a Cristo&#8221;, dijo Magee.<\/p>\n<p>&nbsp;<\/p>\n<p>A las dos semanas de iniciado su reinado, la atm\u00f3sfera vaticana era irrespirable. El historiador brit\u00e1nico David Yallop, se\u00f1ala al entonces secretario de Estado, el cardenal mas\u00f3n Jean Villot, como uno de los sospechosos de la muerte de Albino, que conoc\u00eda los prop\u00f3sitos secretos del Papa: &#8220;limpiar&#8221; el corrupto Banco Vaticano y a expulsar de la Santa Sede a &#8220;sus socios en el crimen&#8221;. Al mes de su elecci\u00f3n, el Papa apareci\u00f3 muerto sin que nunca se hayan aclarado las circunstancias. Las respuestas est\u00e1n sepultadas en las grutas vaticanas.<\/p>\n","protected":false},"excerpt":{"rendered":"<p>El 28 de septiembre de 1978 el \u00faltimo Papa italiano, Albino Luciani, apareci\u00f3 muerto en su cama. La versi\u00f3n oficial, muerte s\u00fabita por ataque card\u00edaco. Extraoficialmente, una feroz lucha por el poder &nbsp; &nbsp; &nbsp; La noche del 28 de septiembre de 1978, hace 40 a\u00f1os, el Papa Juan Pablo I muri\u00f3 despu\u00e9s de 33 d\u00edas de reinado. La brevedad del papado del \u00faltimo pont\u00edfice italiano y la sorprendente noticia de su inesperada muerte generaron a lo largo de los a\u00f1os siguientes una serie de sospechas y teor\u00edas conspirativas, en&#8230;<\/p>\n","protected":false},"author":3,"featured_media":33876,"comment_status":"closed","ping_status":"closed","sticky":false,"template":"","format":"standard","meta":[],"categories":[4],"tags":[],"_links":{"self":[{"href":"https:\/\/www.actualidadadiario.com\/index.php\/wp-json\/wp\/v2\/posts\/33875"}],"collection":[{"href":"https:\/\/www.actualidadadiario.com\/index.php\/wp-json\/wp\/v2\/posts"}],"about":[{"href":"https:\/\/www.actualidadadiario.com\/index.php\/wp-json\/wp\/v2\/types\/post"}],"author":[{"embeddable":true,"href":"https:\/\/www.actualidadadiario.com\/index.php\/wp-json\/wp\/v2\/users\/3"}],"replies":[{"embeddable":true,"href":"https:\/\/www.actualidadadiario.com\/index.php\/wp-json\/wp\/v2\/comments?post=33875"}],"version-history":[{"count":1,"href":"https:\/\/www.actualidadadiario.com\/index.php\/wp-json\/wp\/v2\/posts\/33875\/revisions"}],"predecessor-version":[{"id":33877,"href":"https:\/\/www.actualidadadiario.com\/index.php\/wp-json\/wp\/v2\/posts\/33875\/revisions\/33877"}],"wp:featuredmedia":[{"embeddable":true,"href":"https:\/\/www.actualidadadiario.com\/index.php\/wp-json\/wp\/v2\/media\/33876"}],"wp:attachment":[{"href":"https:\/\/www.actualidadadiario.com\/index.php\/wp-json\/wp\/v2\/media?parent=33875"}],"wp:term":[{"taxonomy":"category","embeddable":true,"href":"https:\/\/www.actualidadadiario.com\/index.php\/wp-json\/wp\/v2\/categories?post=33875"},{"taxonomy":"post_tag","embeddable":true,"href":"https:\/\/www.actualidadadiario.com\/index.php\/wp-json\/wp\/v2\/tags?post=33875"}],"curies":[{"name":"wp","href":"https:\/\/api.w.org\/{rel}","templated":true}]}}