{"id":33873,"date":"2018-09-28T11:23:35","date_gmt":"2018-09-28T14:23:35","guid":{"rendered":"https:\/\/www.actualidadadiario.com\/?p=33873"},"modified":"2018-11-06T19:36:10","modified_gmt":"2018-11-06T22:36:10","slug":"a-partir-del-domingo-aumentan-un-4-los-combustibles","status":"publish","type":"post","link":"https:\/\/www.actualidadadiario.com\/index.php\/2018\/09\/28\/a-partir-del-domingo-aumentan-un-4-los-combustibles\/","title":{"rendered":"A partir del domingo, aumentan un 4% los combustibles"},"content":{"rendered":"<p><em><strong>Como consecuencia, tambi\u00e9n aumentar\u00e1 el precio de los fletes y, por lo tanto, el de la mercanc\u00eda<\/strong><\/em><\/p>\n<p>&nbsp;<\/p>\n<p>&nbsp;<\/p>\n<p>&nbsp;<\/p>\n<p>&nbsp;<\/p>\n<p>Los combustibles aumentar\u00e1n un 4%, a partir del domingo a las 0 horas. A ra\u00edz de este incremento, el precio de los fletes y la mercader\u00eda tambi\u00e9n se ver\u00e1 modificado.<\/p>\n<p>&nbsp;<\/p>\n<p>As\u00ed lo inform\u00f3 el vicepresidente de la C\u00e1mara de Expendedores de San Juan, Bernardo Turcum\u00e1n, tras un periodo de negociaciones y acuerdos entre las petroleras y el Gobierno Nacional.<\/p>\n<p>&nbsp;<\/p>\n<p>De esta forma, los combustibles, en la provincia de Buenos Aires, acumulan un incremento anual del 53,5%, tomando como referencia los $25,10, que val\u00eda la nafta s\u00faper en enero.<\/p>\n<p>&nbsp;<\/p>\n<p>Con este nuevo cuadro tarifario, la s\u00faper pasar\u00e1 de $37,07 a $38,54; la Infinia, de $44,44 a $46,22; la Diesel 500, de $32,54 a $33,84, y la Infinia diesel, de $39,70 a $41,29.<\/p>\n<p>&nbsp;<\/p>\n<p>La llegada de este aumento coincide con el del gas, que a partir del 1\u00ba de octubre, sufrir\u00e1 una suba del 30%. Seg\u00fan lo programado, este ser\u00eda el \u00faltimo incremento del a\u00f1o de este servicio. Sin embargo, desde la Casa Rosada anticiparon que podr\u00edan aparecer nuevos ajustes, si el d\u00f3lar vuelve a subir.<\/p>\n","protected":false},"excerpt":{"rendered":"<p>Como consecuencia, tambi\u00e9n aumentar\u00e1 el precio de los fletes y, por lo tanto, el de la mercanc\u00eda &nbsp; &nbsp; &nbsp; &nbsp; Los combustibles aumentar\u00e1n un 4%, a partir del domingo a las 0 horas. A ra\u00edz de este incremento, el precio de los fletes y la mercader\u00eda tambi\u00e9n se ver\u00e1 modificado. &nbsp; As\u00ed lo inform\u00f3 el vicepresidente de la C\u00e1mara de Expendedores de San Juan, Bernardo Turcum\u00e1n, tras un periodo de negociaciones y acuerdos entre las petroleras y el Gobierno Nacional. &nbsp; De esta forma, los combustibles, en la provincia&#8230;<\/p>\n","protected":false},"author":3,"featured_media":33119,"comment_status":"closed","ping_status":"closed","sticky":false,"template":"","format":"standard","meta":[],"categories":[18],"tags":[],"_links":{"self":[{"href":"https:\/\/www.actualidadadiario.com\/index.php\/wp-json\/wp\/v2\/posts\/33873"}],"collection":[{"href":"https:\/\/www.actualidadadiario.com\/index.php\/wp-json\/wp\/v2\/posts"}],"about":[{"href":"https:\/\/www.actualidadadiario.com\/index.php\/wp-json\/wp\/v2\/types\/post"}],"author":[{"embeddable":true,"href":"https:\/\/www.actualidadadiario.com\/index.php\/wp-json\/wp\/v2\/users\/3"}],"replies":[{"embeddable":true,"href":"https:\/\/www.actualidadadiario.com\/index.php\/wp-json\/wp\/v2\/comments?post=33873"}],"version-history":[{"count":1,"href":"https:\/\/www.actualidadadiario.com\/index.php\/wp-json\/wp\/v2\/posts\/33873\/revisions"}],"predecessor-version":[{"id":33874,"href":"https:\/\/www.actualidadadiario.com\/index.php\/wp-json\/wp\/v2\/posts\/33873\/revisions\/33874"}],"wp:featuredmedia":[{"embeddable":true,"href":"https:\/\/www.actualidadadiario.com\/index.php\/wp-json\/wp\/v2\/media\/33119"}],"wp:attachment":[{"href":"https:\/\/www.actualidadadiario.com\/index.php\/wp-json\/wp\/v2\/media?parent=33873"}],"wp:term":[{"taxonomy":"category","embeddable":true,"href":"https:\/\/www.actualidadadiario.com\/index.php\/wp-json\/wp\/v2\/categories?post=33873"},{"taxonomy":"post_tag","embeddable":true,"href":"https:\/\/www.actualidadadiario.com\/index.php\/wp-json\/wp\/v2\/tags?post=33873"}],"curies":[{"name":"wp","href":"https:\/\/api.w.org\/{rel}","templated":true}]}}