{"id":33867,"date":"2018-09-28T11:22:03","date_gmt":"2018-09-28T14:22:03","guid":{"rendered":"https:\/\/www.actualidadadiario.com\/?p=33867"},"modified":"2018-11-06T19:36:10","modified_gmt":"2018-11-06T22:36:10","slug":"diputados-opositores-reclaman-rehacer-el-presupuesto-tras-el-acuerdo-con-el-fmi","status":"publish","type":"post","link":"https:\/\/www.actualidadadiario.com\/index.php\/2018\/09\/28\/diputados-opositores-reclaman-rehacer-el-presupuesto-tras-el-acuerdo-con-el-fmi\/","title":{"rendered":"Diputados opositores reclaman rehacer el Presupuesto tras el acuerdo con el FMI"},"content":{"rendered":"<p><em><strong>Los diferentes bloques opositores en Diputados cuestionaron el Presupuesto 2019 que comenz\u00f3 a ser debatido ayer por la Oficina de Presupuesto del Congreso. Exigieron adem\u00e1s que se frene su discusi\u00f3n hasta tanto no se le realicen modificaciones tras el nuevo acuerdo alcanzado entre el Gobierno del presidente Mauricio Macri y el FMI; y reclamaron la presencia ante ese cuerpo del nuevo titular del Banco Central, Guido Sandleris y del ministro de Hacienda, Nicol\u00e1s Dujovne, entre otras cosas<\/strong><\/em><\/p>\n<p>&nbsp;<\/p>\n<p>&nbsp;<\/p>\n<p>&nbsp;<\/p>\n<p>&nbsp;<\/p>\n<p>A trav\u00e9s de un comunicado, el FpV-PJ le reclam\u00f3 al presidente Macri &#8220;que retire el Presupuesto 2019 y lo rehaga incluyendo los nuevos condicionamientos que impone su nuevo pacto&#8221; con el FMI, advirti\u00f3 adem\u00e1s que &#8220;si el gobierno quiere salir de la profunda crisis en la que sumergi\u00f3 a los argentinos con sus pol\u00edticas econ\u00f3micamente desacertadas y socialmente insensibles, deber\u00eda empezar por decir la verdad, y no esconder los problemas, dos latiguillos que no se cansan tanto de repetir como de no cumplir&#8221;.<\/p>\n<p>&nbsp;<\/p>\n<p>El FpV-PJ advirti\u00f3 que el gobierno deber\u00eda explicar &#8220;por ejemplo, c\u00f3mo van a sostener un tipo de cambio promedio de $40,10, cuando ayer (por el mi\u00e9rcoles) anunciaron una pol\u00edtica cambiaria entre bandas ($34 a $44) que se ajustar\u00e1 al 3% mensual&#8221;, y destacaron que ayer &#8220;a horas del anuncio, el d\u00f3lar subi\u00f3 m\u00e1s de un peso y ya est\u00e1 arriba de $40&#8221;.<\/p>\n<p>&nbsp;<\/p>\n<p>Tambi\u00e9n pidieron explicaciones respecto a c\u00f3mo van a &#8220;mantener las metas de crecimiento despu\u00e9s de anunciar el congelamiento hasta junio de la base monetaria&#8221; porque &#8220;mantener la misma cantidad de dinero circulante en este contexto inflacionario no puede conducir a otro camino que al de mayor recesi\u00f3n&#8221;. Finalmente subrayaron que no pueden &#8220;aprobar un presupuesto desfasado con la realidad econ\u00f3mica del pa\u00eds&#8221;.<\/p>\n<p>&nbsp;<\/p>\n<p>Por su parte y tras la exposici\u00f3n del director de la Oficina de Presupuesto, Marcos Mak\u00f3n, el diputado Diego Bossio (Bloque Justicialista) afirm\u00f3 que &#8220;cambiaron las condiciones&#8221; en el pa\u00eds &#8220;d\u00eda a d\u00eda y minuto a minuto&#8221; y record\u00f3 que hay &#8220;un nuevo acuerdo con el FMI que tendr\u00e1 que venir a explicar el ministro Dujovne, y hay una nueva pol\u00edtica monetaria que no es que no genera ning\u00fan cambio en la actividad econ\u00f3mica&#8221;.<\/p>\n<p>&nbsp;<\/p>\n<p>En tanto que Andr\u00e9s Vallone (Unidad Justicialista) consider\u00f3 que &#8220;en este escenario vol\u00e1til, din\u00e1mico, seguir discutiendo los t\u00e9rminos t\u00e9cnicos del presupuesto es una sin raz\u00f3n, no tiene sentido&#8221;.<\/p>\n<p>&nbsp;<\/p>\n<p>Mientras que el diputado Carlos Castagneto (FpV), pidi\u00f3 que &#8220;se pare la discusi\u00f3n&#8221; hasta que se haga presente el titular del Central y los &#8220;distintos sectores afectados por este presupuesto&#8221;, en tanto que Cristina \u00c1lvarez Rodr\u00edguez del mismo espacio reclam\u00f3 la presencia del ministro de Transporte, Guillermo Dietrich, del titular de la Anses, Emilio Basavilbaso y consider\u00f3 que cada bloque deber\u00eda &#8220;aportar al menos un sector damnificado&#8221; por la ley de leyes.<\/p>\n<p>&nbsp;<\/p>\n<p>Ante los cuestionamientos, el titular de la Comisi\u00f3n de Presupuesto y Hacienda, Luciano Laspina, dijo no ver que &#8220;haya sectores damnificados en esta ley&#8221;, se\u00f1al\u00f3 que &#8220;tratar\u00e1n de dar una agenda razonable en funci\u00f3n de las circunstancias y los tiempos&#8221;, y respecto a las fechas de su tratamiento, consider\u00f3 que &#8220;va a depender de la voluntad pol\u00edtica de las mayor\u00edas&#8221;.<\/p>\n","protected":false},"excerpt":{"rendered":"<p>Los diferentes bloques opositores en Diputados cuestionaron el Presupuesto 2019 que comenz\u00f3 a ser debatido ayer por la Oficina de Presupuesto del Congreso. Exigieron adem\u00e1s que se frene su discusi\u00f3n hasta tanto no se le realicen modificaciones tras el nuevo acuerdo alcanzado entre el Gobierno del presidente Mauricio Macri y el FMI; y reclamaron la presencia ante ese cuerpo del nuevo titular del Banco Central, Guido Sandleris y del ministro de Hacienda, Nicol\u00e1s Dujovne, entre otras cosas &nbsp; &nbsp; &nbsp; &nbsp; A trav\u00e9s de un comunicado, el FpV-PJ le reclam\u00f3&#8230;<\/p>\n","protected":false},"author":3,"featured_media":33868,"comment_status":"closed","ping_status":"closed","sticky":false,"template":"","format":"standard","meta":[],"categories":[18],"tags":[],"_links":{"self":[{"href":"https:\/\/www.actualidadadiario.com\/index.php\/wp-json\/wp\/v2\/posts\/33867"}],"collection":[{"href":"https:\/\/www.actualidadadiario.com\/index.php\/wp-json\/wp\/v2\/posts"}],"about":[{"href":"https:\/\/www.actualidadadiario.com\/index.php\/wp-json\/wp\/v2\/types\/post"}],"author":[{"embeddable":true,"href":"https:\/\/www.actualidadadiario.com\/index.php\/wp-json\/wp\/v2\/users\/3"}],"replies":[{"embeddable":true,"href":"https:\/\/www.actualidadadiario.com\/index.php\/wp-json\/wp\/v2\/comments?post=33867"}],"version-history":[{"count":1,"href":"https:\/\/www.actualidadadiario.com\/index.php\/wp-json\/wp\/v2\/posts\/33867\/revisions"}],"predecessor-version":[{"id":33869,"href":"https:\/\/www.actualidadadiario.com\/index.php\/wp-json\/wp\/v2\/posts\/33867\/revisions\/33869"}],"wp:featuredmedia":[{"embeddable":true,"href":"https:\/\/www.actualidadadiario.com\/index.php\/wp-json\/wp\/v2\/media\/33868"}],"wp:attachment":[{"href":"https:\/\/www.actualidadadiario.com\/index.php\/wp-json\/wp\/v2\/media?parent=33867"}],"wp:term":[{"taxonomy":"category","embeddable":true,"href":"https:\/\/www.actualidadadiario.com\/index.php\/wp-json\/wp\/v2\/categories?post=33867"},{"taxonomy":"post_tag","embeddable":true,"href":"https:\/\/www.actualidadadiario.com\/index.php\/wp-json\/wp\/v2\/tags?post=33867"}],"curies":[{"name":"wp","href":"https:\/\/api.w.org\/{rel}","templated":true}]}}