{"id":33864,"date":"2018-09-28T11:21:19","date_gmt":"2018-09-28T14:21:19","guid":{"rendered":"https:\/\/www.actualidadadiario.com\/?p=33864"},"modified":"2018-11-06T19:36:10","modified_gmt":"2018-11-06T22:36:10","slug":"massa-urtubey-pichetto-y-schiaretti-crean-un-grupo-politico-para-el-2019","status":"publish","type":"post","link":"https:\/\/www.actualidadadiario.com\/index.php\/2018\/09\/28\/massa-urtubey-pichetto-y-schiaretti-crean-un-grupo-politico-para-el-2019\/","title":{"rendered":"Massa, Urtubey, Pichetto y Schiaretti crean un grupo pol\u00edtico para el 2019"},"content":{"rendered":"<p><em><strong>El candidato a presidente podr\u00eda surgir de una interna entre el salte\u00f1o y Massa. Convocan a gobernadores<\/strong><\/em><\/p>\n<p>&nbsp;<\/p>\n<p>&nbsp;<\/p>\n<p>&nbsp;<\/p>\n<p>&nbsp;<\/p>\n<p>&nbsp;<\/p>\n<p>El peronismo tuvo una primera definici\u00f3n este jueves, de las muchas que se ver\u00e1n de ac\u00e1 a las presidenciales del 2019. Sergio Massa, Juan Schiaretti, Juan Manuel Urtubey y Miguel Pichetto acordaron crear un grupo pol\u00edtico que bautizaron Alternativa Nacional, como una manera de contestarle al gobierno que afirma que &#8220;no hay alternativa&#8221; salvo votar la reelecci\u00f3n de Macri o volver al kirchnerismo.<\/p>\n<p>&nbsp;<\/p>\n<p>Si bien los cuatro dejan correr sus aspiraciones de disputar la Presidencia, lo cierto es que en principio la candidatura se podr\u00eda definir entre Massa y Urtubey. El cordob\u00e9s Schiaretti competir\u00e1 por otro turno como gobernador y Pichetto si bien viene mostrando m\u00e1s voluntad pol\u00edtica de dar esa pelea, hasta ahora no logr\u00f3 levantar vuelo y tuvo m\u00e1s de un tropiezo en su desembarco en el Conurbano.<\/p>\n<p>&nbsp;<\/p>\n<p>Fuentes al tanto de lo conversado en la reuni\u00f3n que se realiz\u00f3 en las oficinas del consultor Guillermo Seita -que trabaja con Schiaretti-, anticiparon que convocar\u00e1n a m\u00e1s gobernadores. Esta foto en rigor iba a ser parte de una conferencia p\u00fablica a la que estaban invitados el tucumano Juan Manzur y el sanjuanino Seregio U\u00f1ac, ambos tambi\u00e9n con aspiraciones presidenciales. Ese encuentro se suspendi\u00f3 por la muerte de Jos\u00e9 Manuel de la Sota.<\/p>\n<p>&nbsp;<\/p>\n<p>Manzur no se sum\u00f3 porque est\u00e1 pasando por un momento de fuerte enfrentamiento con Schiaretti. El tucumano fue el gobernador peronista de provincia grande que mejor gan\u00f3 en el 2017 y Schiaretti si bien perdi\u00f3 cree que por su trayectoria y el peso de su provincia, es el l\u00edder natural de los gobernadores.<\/p>\n<p>&nbsp;<\/p>\n<p>La idea del flamante cuarteto, adem\u00e1s de sumar a m\u00e1s gobernadores peronistas, es incorporar a &#8220;dirigentes progresistas&#8221;. En ese sentido, horas antes de esta reuni\u00f3n porte\u00f1a Urtubey comparti\u00f3 una actividad con el socialista santafesino Miguel Lifschitz, que tambi\u00e9n tiene aspiraciones presidenciales y viene tejiendo un polo progresista con Margarita Stolbizer, Mart\u00edn Lousteau y Ricardo Alfons\u00edn. No est\u00e1 claro como lo sumar\u00edan, entre otras cuestiones que todav\u00eda est\u00e1n muy abiertas.<\/p>\n<p>&nbsp;<\/p>\n<p>Adem\u00e1s, Massa mantuvo reuniones con Victoria Donda y con dirigentes de partidos provinciales como el MPN de Neuqu\u00e9n y el MPF de Tierra del Fuego. &#8220;La idea es construir algo amplio&#8221;, afirm\u00f3 a LPO un dirigente al tanto de lo conversado.<\/p>\n<p>&nbsp;<\/p>\n<p>Tambi\u00e9n se mencion\u00f3 la posibilidad de unificar los bloques de diputados de Argentina Federal y el Frente Renovador de Massa, lo que generar\u00eda una bancada interesante. Los mismos que los equipos econ\u00f3micos, que en rigor ya ven\u00edan funcionando juntos y que integran entre otros, Diego Bossio, Miguel Peirano, Guillermo Michel y Osvaldo Giordano.<\/p>\n<p>&nbsp;<\/p>\n<p>La pregunta obvia es que definici\u00f3n tomar\u00e1 este espacio frente al kirchnerismo, que hoy concentra bajo el liderazgo de Cristina una potente fuerza electoral y est\u00e1 avanzando en sus propios di\u00e1logos con gobernadores y otros dirigentes.<\/p>\n<p>&nbsp;<\/p>\n<p>Ante los micr\u00f3fonos, los cuatro que se reunieron este jueves seguramente afirmen que no habr\u00e1 acuerdo con ese sector, pero lo cierto es que algunos de esos cuatro creen que primero tienen que sumar volumen pol\u00edtico, para llegar al final del camino a una negociaci\u00f3n con la ex presidenta que deber\u00eda implicar que ella no compita por otro mandato, pero sume su fuerza y sea parte de un pr\u00f3ximo esquema de poder.<\/p>\n","protected":false},"excerpt":{"rendered":"<p>El candidato a presidente podr\u00eda surgir de una interna entre el salte\u00f1o y Massa. Convocan a gobernadores &nbsp; &nbsp; &nbsp; &nbsp; &nbsp; El peronismo tuvo una primera definici\u00f3n este jueves, de las muchas que se ver\u00e1n de ac\u00e1 a las presidenciales del 2019. Sergio Massa, Juan Schiaretti, Juan Manuel Urtubey y Miguel Pichetto acordaron crear un grupo pol\u00edtico que bautizaron Alternativa Nacional, como una manera de contestarle al gobierno que afirma que &#8220;no hay alternativa&#8221; salvo votar la reelecci\u00f3n de Macri o volver al kirchnerismo. &nbsp; Si bien los cuatro&#8230;<\/p>\n","protected":false},"author":3,"featured_media":33865,"comment_status":"closed","ping_status":"closed","sticky":false,"template":"","format":"standard","meta":[],"categories":[18],"tags":[],"_links":{"self":[{"href":"https:\/\/www.actualidadadiario.com\/index.php\/wp-json\/wp\/v2\/posts\/33864"}],"collection":[{"href":"https:\/\/www.actualidadadiario.com\/index.php\/wp-json\/wp\/v2\/posts"}],"about":[{"href":"https:\/\/www.actualidadadiario.com\/index.php\/wp-json\/wp\/v2\/types\/post"}],"author":[{"embeddable":true,"href":"https:\/\/www.actualidadadiario.com\/index.php\/wp-json\/wp\/v2\/users\/3"}],"replies":[{"embeddable":true,"href":"https:\/\/www.actualidadadiario.com\/index.php\/wp-json\/wp\/v2\/comments?post=33864"}],"version-history":[{"count":1,"href":"https:\/\/www.actualidadadiario.com\/index.php\/wp-json\/wp\/v2\/posts\/33864\/revisions"}],"predecessor-version":[{"id":33866,"href":"https:\/\/www.actualidadadiario.com\/index.php\/wp-json\/wp\/v2\/posts\/33864\/revisions\/33866"}],"wp:featuredmedia":[{"embeddable":true,"href":"https:\/\/www.actualidadadiario.com\/index.php\/wp-json\/wp\/v2\/media\/33865"}],"wp:attachment":[{"href":"https:\/\/www.actualidadadiario.com\/index.php\/wp-json\/wp\/v2\/media?parent=33864"}],"wp:term":[{"taxonomy":"category","embeddable":true,"href":"https:\/\/www.actualidadadiario.com\/index.php\/wp-json\/wp\/v2\/categories?post=33864"},{"taxonomy":"post_tag","embeddable":true,"href":"https:\/\/www.actualidadadiario.com\/index.php\/wp-json\/wp\/v2\/tags?post=33864"}],"curies":[{"name":"wp","href":"https:\/\/api.w.org\/{rel}","templated":true}]}}