{"id":33859,"date":"2018-09-28T11:19:52","date_gmt":"2018-09-28T14:19:52","guid":{"rendered":"https:\/\/www.actualidadadiario.com\/?p=33859"},"modified":"2018-11-06T19:36:10","modified_gmt":"2018-11-06T22:36:10","slug":"confirmaron-que-habra-refuerzo-de-planes-sociales-hacia-fin-de-ano","status":"publish","type":"post","link":"https:\/\/www.actualidadadiario.com\/index.php\/2018\/09\/28\/confirmaron-que-habra-refuerzo-de-planes-sociales-hacia-fin-de-ano\/","title":{"rendered":"Confirmaron que habr\u00e1 &#8220;refuerzo&#8221; de planes sociales hacia fin de a\u00f1o"},"content":{"rendered":"<p><em><strong>Lo dijo la ministra de Desarrollo Social, Carolina Stanley, quien busc\u00f3 &#8220;llevarle tranquilidad a las familias de que estos meses van a seguir teniendo la tarifa social de gas&#8221;<\/strong><\/em><\/p>\n<p>&nbsp;<\/p>\n<p>&nbsp;<\/p>\n<p>&nbsp;<\/p>\n<p>&nbsp;<\/p>\n<p>&nbsp;<\/p>\n<p>La ministra de Desarrollo Social, Carolina Stanley, confirm\u00f3 que hacia fin de a\u00f1o el Gobierno implementar\u00e1 &#8220;un refuerzo&#8221; de los planes sociales para atenuar la crisis, uno de cuyos indicadores fueron las cifras sobre pobreza difundidas por el INDEC.<\/p>\n<p>&nbsp;<\/p>\n<p>Stanley, que ofreci\u00f3 una rueda de prensa tras la presentaci\u00f3n del Presidente Mauricio Macri, en la Casa de Gobierno, aclar\u00f3 que las familias que ya tienen la tarifa social de gas &#8220;la seguir\u00e1n manteniendo&#8221;.<\/p>\n<p>&nbsp;<\/p>\n<p>&#8220;Hay que llevarle tranquilidad a las familias de que estos meses van a seguir teniendo la tarifa social de gas&#8221;, dijo ante la consulta period\u00edstica del anuncio realizado por la secretar\u00eda de Energ\u00eda de quita de bonificaciones.<\/p>\n<p>&nbsp;<\/p>\n<p>Adem\u00e1s, se\u00f1al\u00f3 que &#8220;seguimos en di\u00e1logo con movimientos sociales y con otros sectores. Es un trabajo diario de estar abiertos al di\u00e1logo&#8221;.<\/p>\n<p>&nbsp;<\/p>\n<p>&#8220;Esto no nos corre de nuestro objetivo central, que es reducir la pobreza&#8221;, asegur\u00f3.<\/p>\n<p>&nbsp;<\/p>\n<p>Asimismo tambi\u00e9n se present\u00f3 para atender los requerimientos de la prensa el ministro de Producci\u00f3n, Dante Sica, quien indic\u00f3 que la prioridad del Gobierno est\u00e1 en &#8220;el mantenimiento y el cuidado del empleo&#8221;.<\/p>\n<p>&nbsp;<\/p>\n<p>Sica asegur\u00f3 que se est\u00e1 trabajando en &#8220;estabilizar&#8221; la crisis y las condiciones macroecon\u00f3micas.<\/p>\n<p>&nbsp;<\/p>\n<p>&#8220;Nuestra prioridad en esta coyuntura tiene que ver con el mantenimiento y cuidado del empleo&#8221;, dijo tras conocerse que la pobreza se ubic\u00f3 en un 27,3% en el segundo semestre, anunciada previamente por Macri.<\/p>\n<p>&nbsp;<\/p>\n<p>&#8220;Estamos trabajando con organizaciones sindicales para poder superar esta crisis y estabilizar esta crisis, para darle un marco m\u00e1s propicio a la producci\u00f3n&#8221;, dijo.<\/p>\n<p>&nbsp;<\/p>\n<p>Respecto del trabajo con las organizaciones sindicales advirti\u00f3 que &#8220;desde que comenz\u00f3 la crisis tuvimos un programa de corto plazo, en especial con las pymes para fortalecer la cadena de pago&#8221;.<\/p>\n<p>&nbsp;<\/p>\n<p>Al mismo tiempo, se\u00f1al\u00f3 desde la secretar\u00eda de Empleo se trabajaba &#8220;fuertemente en los REPRO, para subsidiar salarios entre tres y seis meses hasta que esta coyuntura pase&#8221;.<\/p>\n<p>&nbsp;<\/p>\n<p>Respecto de la actualizaci\u00f3n y revisi\u00f3n de los acuerdos salariales se\u00f1al\u00f3 que la mayor\u00eda ya fueron cerrados y que en su mayor\u00eda incluyen cl\u00e1usulas de revisi\u00f3n que se han comenzado a abrir en el \u00e1mbito de la Secretar\u00eda.<\/p>\n<p>&nbsp;<\/p>\n<p>Apunt\u00f3 que el Gobierno tiene el &#8220;compromiso de trabajar en potenciar el crecimiento y cambiar la estructura econ\u00f3mica argentina que anteriormente ha mirado al mercado interno&#8221;, mientras que ahora &#8220;queremos una econom\u00eda m\u00e1s competitiva y m\u00e1s integrada al mundo&#8221;, Insisti\u00f3 en &#8220;trabajar en reformas m\u00e1s estructurales que nos permita ganar competitividad&#8221;.<\/p>\n<p>&nbsp;<\/p>\n<p>&#8220;Estamos terminando de dar puntada final del programa Argentina Exporta que va a ser el eje de la pol\u00edtica productiva&#8221;, a\u00f1adi\u00f3.<\/p>\n<p>&nbsp;<\/p>\n<p>En cuanto a la actividad econ\u00f3mica se\u00f1al\u00f3 que hacia fin de a\u00f1o habr\u00e1 &#8220;una desaceleraci\u00f3n de la ca\u00edda y se empezar\u00e1 a ver una recuperaci\u00f3n de la actividad&#8221;.<\/p>\n<p>&nbsp;<\/p>\n<p>Concluy\u00f3 que en 2019 habr\u00e1 &#8220;una ca\u00edda 0,5% de la actividad econ\u00f3mica producto del arrastre pero con una recuperaci\u00f3n que ven\u00edamos trayendo&#8221;.<\/p>\n","protected":false},"excerpt":{"rendered":"<p>Lo dijo la ministra de Desarrollo Social, Carolina Stanley, quien busc\u00f3 &#8220;llevarle tranquilidad a las familias de que estos meses van a seguir teniendo la tarifa social de gas&#8221; &nbsp; &nbsp; &nbsp; &nbsp; &nbsp; La ministra de Desarrollo Social, Carolina Stanley, confirm\u00f3 que hacia fin de a\u00f1o el Gobierno implementar\u00e1 &#8220;un refuerzo&#8221; de los planes sociales para atenuar la crisis, uno de cuyos indicadores fueron las cifras sobre pobreza difundidas por el INDEC. &nbsp; Stanley, que ofreci\u00f3 una rueda de prensa tras la presentaci\u00f3n del Presidente Mauricio Macri, en la&#8230;<\/p>\n","protected":false},"author":3,"featured_media":33860,"comment_status":"closed","ping_status":"closed","sticky":false,"template":"","format":"standard","meta":[],"categories":[18],"tags":[],"_links":{"self":[{"href":"https:\/\/www.actualidadadiario.com\/index.php\/wp-json\/wp\/v2\/posts\/33859"}],"collection":[{"href":"https:\/\/www.actualidadadiario.com\/index.php\/wp-json\/wp\/v2\/posts"}],"about":[{"href":"https:\/\/www.actualidadadiario.com\/index.php\/wp-json\/wp\/v2\/types\/post"}],"author":[{"embeddable":true,"href":"https:\/\/www.actualidadadiario.com\/index.php\/wp-json\/wp\/v2\/users\/3"}],"replies":[{"embeddable":true,"href":"https:\/\/www.actualidadadiario.com\/index.php\/wp-json\/wp\/v2\/comments?post=33859"}],"version-history":[{"count":1,"href":"https:\/\/www.actualidadadiario.com\/index.php\/wp-json\/wp\/v2\/posts\/33859\/revisions"}],"predecessor-version":[{"id":33861,"href":"https:\/\/www.actualidadadiario.com\/index.php\/wp-json\/wp\/v2\/posts\/33859\/revisions\/33861"}],"wp:featuredmedia":[{"embeddable":true,"href":"https:\/\/www.actualidadadiario.com\/index.php\/wp-json\/wp\/v2\/media\/33860"}],"wp:attachment":[{"href":"https:\/\/www.actualidadadiario.com\/index.php\/wp-json\/wp\/v2\/media?parent=33859"}],"wp:term":[{"taxonomy":"category","embeddable":true,"href":"https:\/\/www.actualidadadiario.com\/index.php\/wp-json\/wp\/v2\/categories?post=33859"},{"taxonomy":"post_tag","embeddable":true,"href":"https:\/\/www.actualidadadiario.com\/index.php\/wp-json\/wp\/v2\/tags?post=33859"}],"curies":[{"name":"wp","href":"https:\/\/api.w.org\/{rel}","templated":true}]}}