{"id":33856,"date":"2018-09-28T11:19:10","date_gmt":"2018-09-28T14:19:10","guid":{"rendered":"https:\/\/www.actualidadadiario.com\/?p=33856"},"modified":"2018-11-06T19:36:11","modified_gmt":"2018-11-06T22:36:11","slug":"macri-reconocio-que-la-pobreza-seguira-aumentando-y-anuncio-un-bono-para-fin-de-ano","status":"publish","type":"post","link":"https:\/\/www.actualidadadiario.com\/index.php\/2018\/09\/28\/macri-reconocio-que-la-pobreza-seguira-aumentando-y-anuncio-un-bono-para-fin-de-ano\/","title":{"rendered":"Macri reconoci\u00f3 que la pobreza seguir\u00e1 aumentando y anunci\u00f3 un bono para fin de a\u00f1o"},"content":{"rendered":"<p><em><strong>Tras anunciar una conferencia de prensa, el presidente s\u00f3lo dio una declaraci\u00f3n para hablar de una &#8220;turbulencia&#8221;<\/strong><\/em><\/p>\n<p>&nbsp;<\/p>\n<p>&nbsp;<\/p>\n<p>&nbsp;<\/p>\n<p>&nbsp;<\/p>\n<p>Mauricio Macri habl\u00f3 minutos despu\u00e9s de que se conociera el nuevo \u00edndice de pobreza y reconoci\u00f3 que las mediciones de marzo y septiembre mostrar\u00e1n un &#8220;nuevo retroceso&#8221;.<\/p>\n<p>&nbsp;<\/p>\n<p>&#8220;Es un n\u00famero que esper\u00e1bamos, que refleja las turbulencias, de los \u00faltimos meses y las dificultades, que estamos atravesando&#8221;, asegur\u00f3 el Jefe de Estado respecto de la suba del 1,6% del n\u00famero de pobres.<\/p>\n<p>&nbsp;<\/p>\n<p>El presidente hizo una declaraci\u00f3n a la prensa en el Sal\u00f3n de los Pueblos Originarios de Casa Rosada en la que no se admitieron preguntas. Fue un cambio llamativo respecto de la conferencia de prensa de 10 preguntas abiertas que Presidencia anunci\u00f3 a la ma\u00f1ana y que rectific\u00f3 minutos despu\u00e9s.<\/p>\n<p>&nbsp;<\/p>\n<p>En los pasillos de la Rosada se especulaba con que el cambio respond\u00eda a que justo antes de la hora anunciada para la conferencia, el Indec difundir\u00eda los nuevos \u00edndices de pobreza y que en el entorno del presidente prefirieron no exponerlo a un interrogatorio sobre ese tema.<\/p>\n<p>&nbsp;<\/p>\n<p>Sin embargo en la Rosada negaron que haya habido un cambio de temario sobre la marcha y al mismo tiempo aseguraron que nunca estuvo previsto que el presidente se refiriera al nuevo acuerdo con el FMI anunciado 24 horas antes de la declaraci\u00f3n de hoy.<\/p>\n<p>&nbsp;<\/p>\n<p>Macri se limit\u00f3 entonces a dar malas noticias, en otra extra\u00f1a exposici\u00f3n del presidente que definieron sus colaboradores. El presidente ley\u00f3 dos p\u00e1ginas por medio de los teleprompters que acomod\u00f3 su fonoaudi\u00f3loga, Micaela M\u00e9ndez, presente en la declaraci\u00f3n ante la prensa.<\/p>\n<p>&nbsp;<\/p>\n<p>&#8220;Desde que asumimos tuvimos momentos de avances, en los que logramos que la pobreza baje y esto nos alent\u00f3 a seguir trabajando, junto a millones de argentinos, que todav\u00eda segu\u00edan y siguen viviendo en una situaci\u00f3n dif\u00edcil. Ahora &#8211; a ra\u00edz de esta tormenta &#8211; sabemos que las cosas van a tardar m\u00e1s, los resultados que iba a llegar antes, ahora van a demorar y los indicadores de pobreza, de las mediciones de marzo y septiembre, tambi\u00e9n van a mostrar retrocesos&#8221;, admiti\u00f3 Macri.<\/p>\n<p>&nbsp;<\/p>\n<p>En el Gobierno reconocen que por la devaluaci\u00f3n de los \u00faltimos meses, los \u00edndices de pobreza futuros arrojar\u00e1n un peor panorama. Macri podr\u00eda entonces afrontar el a\u00f1o electoral con peores n\u00fameros de pobreza que los que recibi\u00f3 del kirchnerismo.<\/p>\n<p>&nbsp;<\/p>\n<p>Por ese motivo el presidente no evit\u00f3 la menci\u00f3n al kirchnerismo en el discurso de este jueves. &#8220;Es bueno recordar, que cuando llegamos al Gobierno, encontramos una pobreza del 32,2 por ciento, o sea 1 de cada 3 argentinos viviendo en la pobreza. Y ni siquiera ese dato era real, reflejaba una realidad maquillada, atada con alambres porque ten\u00eda una inflaci\u00f3n contenida y disfrazada por cepos, prohibiciones, tarifas insostenibles que nos hac\u00edan creer que la energ\u00eda era gratis y con un Estado, que despilfarraba recursos, para hacernos creer que tambi\u00e9n pod\u00edamos vivir de una realidad inventada y siempre pateando los problemas para adelante&#8221;, se\u00f1al\u00f3.<\/p>\n<p>&nbsp;<\/p>\n<p>Macri hizo campa\u00f1a con el leit motiv &#8220;pobreza cero&#8221; que fue relativizando a medida que corrieron los meses de su gesti\u00f3n. Hoy dijo que &#8220;siempre vamos a decir la verdad y presentar las cifras como son&#8221;.<\/p>\n<p>&nbsp;<\/p>\n<p>Por otra parte, el presidente confirm\u00f3 que, habr\u00e1 un bono de fin de a\u00f1o para los beneficiarios de planes sociales. &#8220;En diciembre, vamos a volver a aumentar los programas sociales y vamos a hacer otro pago extraordinario para los beneficiarios de la AUH&#8221;, anticip\u00f3 Macri.<\/p>\n","protected":false},"excerpt":{"rendered":"<p>Tras anunciar una conferencia de prensa, el presidente s\u00f3lo dio una declaraci\u00f3n para hablar de una &#8220;turbulencia&#8221; &nbsp; &nbsp; &nbsp; &nbsp; Mauricio Macri habl\u00f3 minutos despu\u00e9s de que se conociera el nuevo \u00edndice de pobreza y reconoci\u00f3 que las mediciones de marzo y septiembre mostrar\u00e1n un &#8220;nuevo retroceso&#8221;. &nbsp; &#8220;Es un n\u00famero que esper\u00e1bamos, que refleja las turbulencias, de los \u00faltimos meses y las dificultades, que estamos atravesando&#8221;, asegur\u00f3 el Jefe de Estado respecto de la suba del 1,6% del n\u00famero de pobres. &nbsp; El presidente hizo una declaraci\u00f3n a&#8230;<\/p>\n","protected":false},"author":3,"featured_media":33857,"comment_status":"closed","ping_status":"closed","sticky":false,"template":"","format":"standard","meta":[],"categories":[9],"tags":[],"_links":{"self":[{"href":"https:\/\/www.actualidadadiario.com\/index.php\/wp-json\/wp\/v2\/posts\/33856"}],"collection":[{"href":"https:\/\/www.actualidadadiario.com\/index.php\/wp-json\/wp\/v2\/posts"}],"about":[{"href":"https:\/\/www.actualidadadiario.com\/index.php\/wp-json\/wp\/v2\/types\/post"}],"author":[{"embeddable":true,"href":"https:\/\/www.actualidadadiario.com\/index.php\/wp-json\/wp\/v2\/users\/3"}],"replies":[{"embeddable":true,"href":"https:\/\/www.actualidadadiario.com\/index.php\/wp-json\/wp\/v2\/comments?post=33856"}],"version-history":[{"count":1,"href":"https:\/\/www.actualidadadiario.com\/index.php\/wp-json\/wp\/v2\/posts\/33856\/revisions"}],"predecessor-version":[{"id":33858,"href":"https:\/\/www.actualidadadiario.com\/index.php\/wp-json\/wp\/v2\/posts\/33856\/revisions\/33858"}],"wp:featuredmedia":[{"embeddable":true,"href":"https:\/\/www.actualidadadiario.com\/index.php\/wp-json\/wp\/v2\/media\/33857"}],"wp:attachment":[{"href":"https:\/\/www.actualidadadiario.com\/index.php\/wp-json\/wp\/v2\/media?parent=33856"}],"wp:term":[{"taxonomy":"category","embeddable":true,"href":"https:\/\/www.actualidadadiario.com\/index.php\/wp-json\/wp\/v2\/categories?post=33856"},{"taxonomy":"post_tag","embeddable":true,"href":"https:\/\/www.actualidadadiario.com\/index.php\/wp-json\/wp\/v2\/tags?post=33856"}],"curies":[{"name":"wp","href":"https:\/\/api.w.org\/{rel}","templated":true}]}}